{"id":9346,"date":"2015-12-03T00:15:37","date_gmt":"2015-12-02T22:15:37","guid":{"rendered":"http:\/\/kinanen.fi\/wordpress\/?p=9346"},"modified":"2015-12-02T20:17:19","modified_gmt":"2015-12-02T18:17:19","slug":"3-12-4","status":"publish","type":"post","link":"https:\/\/www.kinanen.fi\/nukkekoti\/3-12-4\/","title":{"rendered":"3.12."},"content":{"rendered":"<p>Kalenteristaan Eevert huomaa, ett\u00e4 t\u00e4n\u00e4\u00e4n on kyl\u00e4yhdistyksen kokous Eeverttil\u00e4ss\u00e4. Sit\u00e4 varten t\u00e4ytyy laittaa v\u00e4h\u00e4n tarjottavaa, suunnittelee Eevert innoissaan. Onneksi on viel\u00e4 aikaa.<\/p>\n<p>Pian on mies\u00a0taas ty\u00f6n touhussa pikkuisessa keitti\u00f6ss\u00e4\u00e4n. Jauhot ja rasvat muokkaantuvat taikinoiksi ja lopulta herkullisiksi leivonnaisiksi. T\u00e4n\u00e4 vuonna on ollut hyv\u00e4 mustikkavuosi, niinp\u00e4 Eevert hakee k\u00e4tk\u00f6ist\u00e4\u00e4n kauden satoa.<\/p>\n<figure id=\"attachment_9349\" aria-describedby=\"caption-attachment-9349\" style=\"width: 440px\" class=\"wp-caption aligncenter\"><img fetchpriority=\"high\" decoding=\"async\" class=\" wp-image-9349\" src=\"http:\/\/kinanen.fi\/wordpress\/wp-content\/uploads\/2015\/11\/10.12c-e1446365011861.jpg\" alt=\"Leivonta\" width=\"440\" height=\"348\" \/><figcaption id=\"caption-attachment-9349\" class=\"wp-caption-text\">Leivonta<\/figcaption><\/figure>\n<p>Hyv\u00e4t tuoksut levi\u00e4v\u00e4t koko taloon. Pakkohan sit\u00e4 on pullakahvit keitt\u00e4\u00e4 heti kun tuotokset ovat uunista tulleet. Mik\u00e4\u00e4n ei ole sen parempaa kuin vasta paistettu pulla \u00a0tai mustikkapiirakka maidon ja kahvin kanssa. Vai tied\u00e4tk\u00f6 jotakin muuta \u00a0yht\u00e4 maittavaa?<\/p>\n<figure id=\"attachment_9347\" aria-describedby=\"caption-attachment-9347\" style=\"width: 640px\" class=\"wp-caption aligncenter\"><img decoding=\"async\" class=\"size-full wp-image-9347\" src=\"http:\/\/kinanen.fi\/wordpress\/wp-content\/uploads\/2015\/11\/IMG_2654.jpg\" alt=\"Kahvi\" width=\"640\" height=\"574\" \/><figcaption id=\"caption-attachment-9347\" class=\"wp-caption-text\">Kahvi<\/figcaption><\/figure>\n<p>Hyvien tuoksujen johdattamana\u00a0ovat kaikki kyl\u00e4nmiehet ajallaan koolla kahvip\u00f6yd\u00e4n \u00e4\u00e4ress\u00e4. Joulunajan asioita mietit\u00e4\u00e4n kovasti porukalla. Joku kertoi k\u00e4yneens\u00e4\u00a0takavuosina jouluvaelluksella, joka oli j\u00e4rjestetty hienosti ja komeiden lavasteiden keskelle. Jospa sellaisen saisi t\u00e4nne omalle kyl\u00e4lle!<\/p>\n<p>Miehet tutkivat paikkoja, joissa sellaisia on j\u00e4rjestetty. Porissa, Helsingiss\u00e4, Lohjalla &#8211; kyll\u00e4 niit\u00e4 vaihtoehtoja l\u00f6ytyi kun asiaa tutkittiin. Kaikissa v\u00e4h\u00e4n erilainen, vaikka perusajatus oli kutakuinkin sama.<\/p>\n<p>Ei taida kyl\u00e4lt\u00e4 ihan niin paljon v\u00e4ke\u00e4 l\u00f6yty\u00e4, ett\u00e4 isosti voidaan tehd\u00e4, mutta mit\u00e4 jos tekisimme jouluisen kokemuksen naapurin is\u00e4nn\u00e4n hevoshaan tuntumaan? kysyy Eevert.\u00a0Siell\u00e4 on kes\u00e4ll\u00e4 uudeksi\u00a0\u00a0asukkaaksi tullut my\u00f6s veike\u00e4 aasi.\u00a0Sellainen kaviokaveri\u00a0on ollut monien jouluvaellusten ja tapahtumien keskeinen el\u00e4in. Siell\u00e4 voisi pit\u00e4\u00e4 kyl\u00e4n joulutapahtuman sitten muutenkin ehdottaa kyl\u00e4n kauppias.<\/p>\n<figure id=\"attachment_9352\" aria-describedby=\"caption-attachment-9352\" style=\"width: 640px\" class=\"wp-caption aligncenter\"><img decoding=\"async\" class=\"size-full wp-image-9352\" src=\"http:\/\/kinanen.fi\/wordpress\/wp-content\/uploads\/2015\/11\/4.12.-1.jpg\" alt=\"Aasi\" width=\"640\" height=\"427\" \/><figcaption id=\"caption-attachment-9352\" class=\"wp-caption-text\">Aasi<\/figcaption><\/figure>\n<p>Aika veijari se aasi on ollut. Kova ja kimakka \u00e4\u00e4ninen. Paljon sill\u00e4 on ollut asiaa aamusta iltaan. Yst\u00e4v\u00e4llinen se tietenkin on, ja tulee aina tervehtim\u00e4\u00e4n kun joku tulee aidalle.<\/p>\n<figure id=\"attachment_9350\" aria-describedby=\"caption-attachment-9350\" style=\"width: 480px\" class=\"wp-caption aligncenter\"><img loading=\"lazy\" decoding=\"async\" class=\"size-full wp-image-9350\" src=\"http:\/\/kinanen.fi\/wordpress\/wp-content\/uploads\/2015\/11\/3.12.-1-1.jpg\" alt=\"Aasi\" width=\"480\" height=\"640\" \/><figcaption id=\"caption-attachment-9350\" class=\"wp-caption-text\">Aasi<\/figcaption><\/figure>\n<p>Eevert saa teht\u00e4v\u00e4kseen k\u00e4yd\u00e4 katsomassa paikkoja ja sopia naapurin is\u00e4nn\u00e4n kanssa tapahtumapaikasta.<\/p>\n<figure id=\"attachment_9353\" aria-describedby=\"caption-attachment-9353\" style=\"width: 640px\" class=\"wp-caption aligncenter\"><img loading=\"lazy\" decoding=\"async\" class=\"size-full wp-image-9353\" src=\"http:\/\/kinanen.fi\/wordpress\/wp-content\/uploads\/2015\/11\/4.12.-2.jpg\" alt=\"Haka\" width=\"640\" height=\"427\" \/><figcaption id=\"caption-attachment-9353\" class=\"wp-caption-text\">Haka<\/figcaption><\/figure>\n<p>Siell\u00e4 se aasi ihmettelee keskell\u00e4 hakaa. \u00c4kki\u00e4\u00a0se tunnistaa Eevertin, tai sitten haistaa mahdolliset tuliaiset.<\/p>\n<figure id=\"attachment_9354\" aria-describedby=\"caption-attachment-9354\" style=\"width: 426px\" class=\"wp-caption aligncenter\"><img loading=\"lazy\" decoding=\"async\" class=\"size-full wp-image-9354\" src=\"http:\/\/kinanen.fi\/wordpress\/wp-content\/uploads\/2015\/11\/4.12.-3.jpg\" alt=\"Leip\u00e4\" width=\"426\" height=\"640\" \/><figcaption id=\"caption-attachment-9354\" class=\"wp-caption-text\">Leip\u00e4<\/figcaption><\/figure>\n<p>Leip\u00e4palanen on Eevertill\u00e4 aina mukana kun naapuriin menee. Hevonen on erityisesti perso sille ja samaa tuntuu olevan aasikin.<\/p>\n<figure id=\"attachment_9355\" aria-describedby=\"caption-attachment-9355\" style=\"width: 640px\" class=\"wp-caption aligncenter\"><img loading=\"lazy\" decoding=\"async\" class=\"size-full wp-image-9355\" src=\"http:\/\/kinanen.fi\/wordpress\/wp-content\/uploads\/2015\/11\/4.12.-4.jpg\" alt=\"Tenho\" width=\"640\" height=\"427\" \/><figcaption id=\"caption-attachment-9355\" class=\"wp-caption-text\">Tenho<\/figcaption><\/figure>\n<p>Tenho-koira on tullut h\u00e4nt\u00e4 heiluen mukaan naapuriin. Tenhosta on maailman mukavinta p\u00e4\u00e4st\u00e4 tervehtim\u00e4\u00e4n kaikkia niit\u00e4 outoja el\u00e4imi\u00e4 mit\u00e4 siell\u00e4 on. Vaikkapa sika. Sen kanssa ne ovat usein nokatuksin ihmettelem\u00e4ss\u00e4 toisiaan.<\/p>\n<figure id=\"attachment_9356\" aria-describedby=\"caption-attachment-9356\" style=\"width: 640px\" class=\"wp-caption aligncenter\"><img loading=\"lazy\" decoding=\"async\" class=\"size-full wp-image-9356\" src=\"http:\/\/kinanen.fi\/wordpress\/wp-content\/uploads\/2015\/11\/4.12.-5.jpg\" alt=\"Eevert ja Tenho\" width=\"640\" height=\"490\" \/><figcaption id=\"caption-attachment-9356\" class=\"wp-caption-text\">Eevert ja Tenho<\/figcaption><\/figure>\n<p>T\u00e4st\u00e4 tulee varmasti oikein hyv\u00e4 juhlapaikka. Pient\u00e4 j\u00e4rjestely\u00e4 ja puuhailua se tiet\u00e4\u00e4, mutta siit\u00e4h\u00e4n me miehet oikein tyk\u00e4t\u00e4\u00e4n, tuumii Eevert.<\/p>\n<p>Nyt takaisin kotiin ja miettim\u00e4\u00e4n mit\u00e4 t\u00e4\u00e4ll\u00e4 tarvitaan.<\/p>\n<p>Mit\u00e4 sin\u00e4 laittaisit kyl\u00e4n joulutapahtumaan mukaan aasin lis\u00e4ksi? Mit\u00e4 ilman joulu ei voisi tulla? Ent\u00e4 mik\u00e4 nimi sopii naapurin aasille?<\/p>\n<p>_____________________________________________<\/p>\n<p>Kalenterissa on omia askartelujani sek\u00e4 lukuisa m\u00e4\u00e4r\u00e4 eri nukkekotitaiteilijoiden taidokkaita t\u00f6it\u00e4. En erittele niit\u00e4 erikseen. Jos ja kun l\u00f6yd\u00e4t oman teoksesi kuvista, niin j\u00e4t\u00e4 siit\u00e4 viesti yhteiseksi iloksi.<\/p>\n","protected":false},"excerpt":{"rendered":"<p>Kalenteristaan Eevert huomaa, ett\u00e4 t\u00e4n\u00e4\u00e4n on kyl\u00e4yhdistyksen kokous Eeverttil\u00e4ss\u00e4. Sit\u00e4 varten t\u00e4ytyy laittaa v\u00e4h\u00e4n tarjottavaa, suunnittelee Eevert innoissaan. Onneksi on viel\u00e4 aikaa. Pian on mies\u00a0taas ty\u00f6n touhussa pikkuisessa keitti\u00f6ss\u00e4\u00e4n. Jauhot ja rasvat muokkaantuvat taikinoiksi ja lopulta herkullisiksi leivonnaisiksi. T\u00e4n\u00e4 vuonna on ollut hyv\u00e4 mustikkavuosi, niinp\u00e4 Eevert hakee k\u00e4tk\u00f6ist\u00e4\u00e4n kauden satoa. Hyv\u00e4t tuoksut levi\u00e4v\u00e4t koko taloon. [&hellip;]<\/p>\n","protected":false},"author":1,"featured_media":0,"comment_status":"open","ping_status":"open","sticky":false,"template":"","format":"standard","meta":{"footnotes":""},"categories":[],"tags":[],"class_list":["post-9346","post","type-post","status-publish","format-standard","hentry"],"_links":{"self":[{"href":"https:\/\/www.kinanen.fi\/nukkekoti\/wp-json\/wp\/v2\/posts\/9346","targetHints":{"allow":["GET"]}}],"collection":[{"href":"https:\/\/www.kinanen.fi\/nukkekoti\/wp-json\/wp\/v2\/posts"}],"about":[{"href":"https:\/\/www.kinanen.fi\/nukkekoti\/wp-json\/wp\/v2\/types\/post"}],"author":[{"embeddable":true,"href":"https:\/\/www.kinanen.fi\/nukkekoti\/wp-json\/wp\/v2\/users\/1"}],"replies":[{"embeddable":true,"href":"https:\/\/www.kinanen.fi\/nukkekoti\/wp-json\/wp\/v2\/comments?post=9346"}],"version-history":[{"count":4,"href":"https:\/\/www.kinanen.fi\/nukkekoti\/wp-json\/wp\/v2\/posts\/9346\/revisions"}],"predecessor-version":[{"id":9662,"href":"https:\/\/www.kinanen.fi\/nukkekoti\/wp-json\/wp\/v2\/posts\/9346\/revisions\/9662"}],"wp:attachment":[{"href":"https:\/\/www.kinanen.fi\/nukkekoti\/wp-json\/wp\/v2\/media?parent=9346"}],"wp:term":[{"taxonomy":"category","embeddable":true,"href":"https:\/\/www.kinanen.fi\/nukkekoti\/wp-json\/wp\/v2\/categories?post=9346"},{"taxonomy":"post_tag","embeddable":true,"href":"https:\/\/www.kinanen.fi\/nukkekoti\/wp-json\/wp\/v2\/tags?post=9346"}],"curies":[{"name":"wp","href":"https:\/\/api.w.org\/{rel}","templated":true}]}}