{"id":9358,"date":"2015-12-05T00:15:59","date_gmt":"2015-12-04T22:15:59","guid":{"rendered":"http:\/\/kinanen.fi\/wordpress\/?p=9358"},"modified":"2015-12-04T21:22:35","modified_gmt":"2015-12-04T19:22:35","slug":"5-12-4","status":"publish","type":"post","link":"https:\/\/www.kinanen.fi\/nukkekoti\/5-12-4\/","title":{"rendered":"5.12."},"content":{"rendered":"<p>Aamun sarastaessa\u00a0ja Eevertin viel\u00e4 loikoillessa hetekallaan ulko-oveen koputellaan. Kuka ihme siell\u00e4 koputtelee t\u00e4h\u00e4n aikaan?<\/p>\n<p>Eevert etsii tohvelit jalkaansa ja l\u00e4htee eteist\u00e4 kohden. Voisihan tuo sis\u00e4lle tulla kutsumattakin, sill\u00e4 Eevertin ovi ei ole koskaan lukossa.<\/p>\n<figure id=\"attachment_9363\" aria-describedby=\"caption-attachment-9363\" style=\"width: 454px\" class=\"wp-caption aligncenter\"><img fetchpriority=\"high\" decoding=\"async\" class=\"size-full wp-image-9363\" src=\"http:\/\/kinanen.fi\/wordpress\/wp-content\/uploads\/2015\/12\/5.12.-3.jpg\" alt=\"Suntio ovella\" width=\"454\" height=\"640\" \/><figcaption id=\"caption-attachment-9363\" class=\"wp-caption-text\">Suntio ovella<\/figcaption><\/figure>\n<p>Oven takana on Suntio. Mit\u00e4 ihmett\u00e4. Mies on p\u00e4\u00e4ssyt vasta eilen \u00a0sairaalasta ja nyt jo t\u00e4ydess\u00e4 touhussa.<\/p>\n<p>T\u00e4n\u00e4\u00e4n tarvitaan sinun apuasi, selvitt\u00e4\u00e4 Suntio heti Eevertille.<\/p>\n<p>No, tottahan toki, mutta tule nyt sis\u00e4lle sielt\u00e4. Laitetaan kahvit p\u00f6yt\u00e4\u00e4n, niin saat kertoa mist\u00e4 on oikein kysymys.<\/p>\n<p>Suntio tulee mieluusti sis\u00e4lle tuulesta ja tuiskusta. Mist\u00e4 niit\u00e4 puhureita oikein riitt\u00e4\u00e4kin? kyselee Suntio \u00e4\u00e4neen siirtyess\u00e4\u00e4n Eevertin keitti\u00f6n p\u00f6yd\u00e4n \u00e4\u00e4reen. Koko y\u00f6n on tuuli ulissut puissa ja rakennuksissa.<\/p>\n<figure id=\"attachment_9362\" aria-describedby=\"caption-attachment-9362\" style=\"width: 640px\" class=\"wp-caption aligncenter\"><img decoding=\"async\" class=\"size-full wp-image-9362\" src=\"http:\/\/kinanen.fi\/wordpress\/wp-content\/uploads\/2015\/12\/5.12.-2.jpg\" alt=\"Aamukahvi\" width=\"640\" height=\"427\" \/><figcaption id=\"caption-attachment-9362\" class=\"wp-caption-text\">Aamukahvi<\/figcaption><\/figure>\n<p>Kahvinjuonnin lomassa Suntio kertoo mit\u00e4 kaikkea on tullut ajatelleeksi sairaalassa. Siell\u00e4 kun oli ihmisi\u00e4 kaikenlaisista el\u00e4m\u00e4ntilanteista. Kaikilla ei ollut niit\u00e4, jotka olisivat k\u00e4yneet tervehtim\u00e4ss\u00e4 tai\u00a0muuten oli kovasti puutetta ja huolta el\u00e4m\u00e4ss\u00e4.<\/p>\n<p>Isolla kirkolla oli aloitettu\u00a0<strong>Rakenna Joulupuu-ker\u00e4ys<\/strong> v\u00e4h\u00e4varaisille perheille ja yksin\u00e4isille. Sellainen olisi tarpeen my\u00f6s t\u00e4\u00e4ll\u00e4 omalla kyl\u00e4ll\u00e4! Meid\u00e4n on hyv\u00e4 huolehtia my\u00f6s niist\u00e4, joilla ei ole kaikkea sit\u00e4 mit\u00e4 vaikkapa sinulla ja minulla. Kyl\u00e4ll\u00e4 on k\u00f6yhi\u00e4 perheit\u00e4, sairaita, vanhuksia ja lastenkotikin, jonka lapsille ei ehk\u00e4 ole lahjan laittajaa omasta takaa. N\u00e4in voisimme heillekin varmistaa, ett\u00e4 saavat jouluna lahjan. Mit\u00e4s ajattelet? kysyy Suntio toiveikkaana.<\/p>\n<figure id=\"attachment_4131\" aria-describedby=\"caption-attachment-4131\" style=\"width: 640px\" class=\"wp-caption aligncenter\"><img decoding=\"async\" class=\"size-full wp-image-4131\" src=\"http:\/\/kinanen.fi\/wordpress\/wp-content\/uploads\/2011\/12\/Lahjat.jpg\" alt=\"Lahjat\" width=\"640\" height=\"480\" \/><figcaption id=\"caption-attachment-4131\" class=\"wp-caption-text\">Uneksijan lahjat<\/figcaption><\/figure>\n<p>Eevert kuunteli tarkkaan yst\u00e4v\u00e4\u00e4ns\u00e4 ja tuli vakuuttuneeksi siit\u00e4, ett\u00e4 \u00a0jotakin vastaavaa olisi hyv\u00e4 tehd\u00e4 t\u00e4\u00e4ll\u00e4kin. Yhteinen joulujuhla on suunnitteilla, viel\u00e4 parempi on\u00a0jos voimme auttaa toisia samalla v\u00e4h\u00e4n enemm\u00e4n. Miehet p\u00e4\u00e4tt\u00e4v\u00e4t samalta istumalta k\u00e4ynnist\u00e4\u00e4 ker\u00e4yksen. Hetken aikaa miehet suunnittelevat k\u00e4yt\u00e4nn\u00f6n toteutusta ja tekev\u00e4t ty\u00f6njakoa.<\/p>\n<p>Suntio ottaa teht\u00e4v\u00e4kseen hankkia toiveet ja tarpeet, kunhan Eevert hankkii komean kuusen johon ne voi ripustaa. Sielt\u00e4 sitten jokainen voi hakea sopivan nimett\u00f6m\u00e4n lahjan saajan tiedot ja toimittaa sitten lahja\u00a0suntiolaan odottamaan joulujuhlap\u00e4iv\u00e4\u00e4.<\/p>\n<figure id=\"attachment_9366\" aria-describedby=\"caption-attachment-9366\" style=\"width: 452px\" class=\"wp-caption aligncenter\"><img loading=\"lazy\" decoding=\"async\" class=\"size-full wp-image-9366\" src=\"http:\/\/kinanen.fi\/wordpress\/wp-content\/uploads\/2015\/12\/5.12.-1-1.jpg\" alt=\"Juliste\" width=\"452\" height=\"640\" \/><figcaption id=\"caption-attachment-9366\" class=\"wp-caption-text\">Juliste<\/figcaption><\/figure>\n<p>Suntio l\u00e4htee tekem\u00e4\u00e4n ilmoitusta ja naulaa sen kyl\u00e4n ilmoitustaululle vanhan kaupan tuntumaan. Sielt\u00e4 sen n\u00e4kev\u00e4t kaikki ja kauppias on lis\u00e4ksi luvannut kertoa hankkeesta eteenp\u00e4in kaikille asiakkaille. \u00a0Samalla kauppias lupaa joulujuhlaa varten gl\u00f6gitarpeita ja pipareita jaettavaksi kaikille.<\/p>\n<p><img loading=\"lazy\" decoding=\"async\" class=\"aligncenter size-full wp-image-9365\" src=\"http:\/\/kinanen.fi\/wordpress\/wp-content\/uploads\/2015\/12\/joulukuusi.jpg\" alt=\"Joulukuusi?\" width=\"427\" height=\"640\" \/><\/p>\n<p>Eevert lupaa suunnistaa\u00a0kuusimets\u00e4\u00e4n etsim\u00e4\u00e4n maailman kauneinta kuusta. Kotimets\u00e4ss\u00e4 on muutamia kuusia merkattu mahdollisiksi joulupuiksi jo kes\u00e4ll\u00e4. Neh\u00e4n t\u00e4ytyy tarkastaa ensimm\u00e4isen\u00e4. Toivottavasti myrsky ei ole tehnyt tepposiaan mets\u00e4ss\u00e4.<\/p>\n<p>Miten mahtaa miesten ker\u00e4ys k\u00e4ynnisty\u00e4? Ja l\u00f6yt\u00e4\u00e4k\u00f6 Eevert maailman kauneimman kuusen? Ent\u00e4\u00a0miten sin\u00e4\u00a0voit ilahduttaa tuntematonta kanssael\u00e4j\u00e4\u00e4si t\u00e4n\u00e4\u00e4n?<\/p>\n<p>_________________________________________<\/p>\n<p>Kalenterissa on omia askartelujani sek\u00e4 lukuisa m\u00e4\u00e4r\u00e4 eri nukkekotitaiteilijoiden taidokkaita t\u00f6it\u00e4. En erittele niit\u00e4 erikseen. Jos ja kun l\u00f6yd\u00e4t oman teoksesi kuvista, niin j\u00e4t\u00e4 siit\u00e4 viesti yhteiseksi iloksi.<\/p>\n","protected":false},"excerpt":{"rendered":"<p>Aamun sarastaessa\u00a0ja Eevertin viel\u00e4 loikoillessa hetekallaan ulko-oveen koputellaan. Kuka ihme siell\u00e4 koputtelee t\u00e4h\u00e4n aikaan? Eevert etsii tohvelit jalkaansa ja l\u00e4htee eteist\u00e4 kohden. Voisihan tuo sis\u00e4lle tulla kutsumattakin, sill\u00e4 Eevertin ovi ei ole koskaan lukossa. Oven takana on Suntio. Mit\u00e4 ihmett\u00e4. Mies on p\u00e4\u00e4ssyt vasta eilen \u00a0sairaalasta ja nyt jo t\u00e4ydess\u00e4 touhussa. T\u00e4n\u00e4\u00e4n tarvitaan sinun apuasi, [&hellip;]<\/p>\n","protected":false},"author":1,"featured_media":0,"comment_status":"open","ping_status":"open","sticky":false,"template":"","format":"standard","meta":{"footnotes":""},"categories":[],"tags":[],"class_list":["post-9358","post","type-post","status-publish","format-standard","hentry"],"_links":{"self":[{"href":"https:\/\/www.kinanen.fi\/nukkekoti\/wp-json\/wp\/v2\/posts\/9358","targetHints":{"allow":["GET"]}}],"collection":[{"href":"https:\/\/www.kinanen.fi\/nukkekoti\/wp-json\/wp\/v2\/posts"}],"about":[{"href":"https:\/\/www.kinanen.fi\/nukkekoti\/wp-json\/wp\/v2\/types\/post"}],"author":[{"embeddable":true,"href":"https:\/\/www.kinanen.fi\/nukkekoti\/wp-json\/wp\/v2\/users\/1"}],"replies":[{"embeddable":true,"href":"https:\/\/www.kinanen.fi\/nukkekoti\/wp-json\/wp\/v2\/comments?post=9358"}],"version-history":[{"count":7,"href":"https:\/\/www.kinanen.fi\/nukkekoti\/wp-json\/wp\/v2\/posts\/9358\/revisions"}],"predecessor-version":[{"id":9664,"href":"https:\/\/www.kinanen.fi\/nukkekoti\/wp-json\/wp\/v2\/posts\/9358\/revisions\/9664"}],"wp:attachment":[{"href":"https:\/\/www.kinanen.fi\/nukkekoti\/wp-json\/wp\/v2\/media?parent=9358"}],"wp:term":[{"taxonomy":"category","embeddable":true,"href":"https:\/\/www.kinanen.fi\/nukkekoti\/wp-json\/wp\/v2\/categories?post=9358"},{"taxonomy":"post_tag","embeddable":true,"href":"https:\/\/www.kinanen.fi\/nukkekoti\/wp-json\/wp\/v2\/tags?post=9358"}],"curies":[{"name":"wp","href":"https:\/\/api.w.org\/{rel}","templated":true}]}}