{"id":9370,"date":"2015-12-07T00:15:58","date_gmt":"2015-12-06T22:15:58","guid":{"rendered":"http:\/\/kinanen.fi\/wordpress\/?p=9370"},"modified":"2015-12-06T21:48:12","modified_gmt":"2015-12-06T19:48:12","slug":"7-12-3","status":"publish","type":"post","link":"https:\/\/www.kinanen.fi\/nukkekoti\/7-12-3\/","title":{"rendered":"7.12."},"content":{"rendered":"<p>Arki on taas koittanut suuren juhlan j\u00e4lkeen. Oli se vaan hienoa katsella ja kuunnella taas vuoden j\u00e4lkeen kaikkea ty\u00f6t\u00e4 jota edelt\u00e4v\u00e4t sukupolvet ovat t\u00e4m\u00e4n maan eteen tehneet. On se vaan t\u00e4rke\u00e4 asia, ett\u00e4 maassa on rauha ja \u00a0yhdess\u00e4 rakennetaan parempaa huomista.<\/p>\n<p>Eevertin ajatellessa huomisen rakentamista h\u00e4n samalla muisti ett\u00e4 oli ottanut teht\u00e4v\u00e4kseen Joulupuun rakentamisen. Sen joulupuun johon ripustetaan lahjatoiveet kyl\u00e4n v\u00e4h\u00e4varaisimpien jouluilon varmistamiseksi. Siisp\u00e4 t\u00e4n\u00e4\u00e4n on viimein hyv\u00e4 p\u00e4iv\u00e4 l\u00e4hte\u00e4 kuusimets\u00e4\u00e4n. Komea sen olla pit\u00e4\u00e4, kun on niin t\u00e4rke\u00e4 teht\u00e4v\u00e4, tuumii Eevert.<\/p>\n<figure id=\"attachment_7067\" aria-describedby=\"caption-attachment-7067\" style=\"width: 480px\" class=\"wp-caption aligncenter\"><img fetchpriority=\"high\" decoding=\"async\" class=\"size-full wp-image-7067\" src=\"http:\/\/kinanen.fi\/wordpress\/wp-content\/uploads\/2013\/10\/17.12a1.jpg\" alt=\"Ev\u00e4st\u00e4 matkaan\" width=\"480\" height=\"640\" \/><figcaption id=\"caption-attachment-7067\" class=\"wp-caption-text\">Ev\u00e4st\u00e4 matkaan<\/figcaption><\/figure>\n<p>Eevert pakkaa hieman ev\u00e4st\u00e4 reppuun ja varustautuu matkalle.<\/p>\n<p>Mukaan otetaan saha ja kirves. Niiden avulla pit\u00e4isi kaatua komeampikin joulupuu. Muutamia Eevert oli katsellut kes\u00e4ll\u00e4 mets\u00e4ss\u00e4 kulkiessaan. Viel\u00e4k\u00f6h\u00e4n ne l\u00f6ytyisi, miettii Eevert ja huutelee Tenho-koiraa kaverikseen matkaan.<\/p>\n<figure id=\"attachment_9372\" aria-describedby=\"caption-attachment-9372\" style=\"width: 640px\" class=\"wp-caption aligncenter\"><img decoding=\"async\" class=\"size-full wp-image-9372\" src=\"http:\/\/kinanen.fi\/wordpress\/wp-content\/uploads\/2015\/11\/7.12.-2.jpg\" alt=\"Tenho\" width=\"640\" height=\"448\" \/><figcaption id=\"caption-attachment-9372\" class=\"wp-caption-text\">Tenho<\/figcaption><\/figure>\n<p>Tenho on heti valmis matkaan. Siit\u00e4 ei ole mik\u00e4\u00e4n niin mukavaa kuin l\u00e4hte\u00e4 retkelle. Sen tarkka nen\u00e4 on jo kertonut, ett\u00e4 Eevertin reppuun on piilotettu makkaraa ev\u00e4\u00e4ksi.<\/p>\n<figure id=\"attachment_9373\" aria-describedby=\"caption-attachment-9373\" style=\"width: 427px\" class=\"wp-caption aligncenter\"><img decoding=\"async\" class=\"size-full wp-image-9373\" src=\"http:\/\/kinanen.fi\/wordpress\/wp-content\/uploads\/2015\/11\/7.12.-3.jpg\" alt=\"H\u00e4m\u00e4r\u00e4 mets\u00e4\" width=\"427\" height=\"640\" \/><figcaption id=\"caption-attachment-9373\" class=\"wp-caption-text\">H\u00e4m\u00e4r\u00e4 mets\u00e4<\/figcaption><\/figure>\n<p>Ulkona on viel\u00e4 h\u00e4m\u00e4r\u00e4\u00e4 kun kaksikko l\u00e4htee matkaan.<\/p>\n<p>Reippaasti he askeltavat mets\u00e4polkuja Taavitsaisen suvun mets\u00e4\u00e4n. Sit\u00e4 on hoidettu ja varjeltu huolella jo vuosisatoja, joten Eevert nautiskelee kauniin mets\u00e4n tunnelmasta t\u00e4ysin siemauksin. Mets\u00e4ilmaa on hyv\u00e4 hengitell\u00e4 ja luonnossa liikkuminen virkist\u00e4\u00e4 niin kummasti.<\/p>\n<figure id=\"attachment_5610\" aria-describedby=\"caption-attachment-5610\" style=\"width: 480px\" class=\"wp-caption aligncenter\"><img loading=\"lazy\" decoding=\"async\" class=\"size-full wp-image-5610\" src=\"http:\/\/kinanen.fi\/wordpress\/wp-content\/uploads\/2012\/11\/14.12f1.jpg\" alt=\"Komea sarvip\u00e4\u00e4\" width=\"480\" height=\"640\" \/><figcaption id=\"caption-attachment-5610\" class=\"wp-caption-text\">Komea sarvip\u00e4\u00e4<\/figcaption><\/figure>\n<p>Mets\u00e4ss\u00e4 voi t\u00f6rm\u00e4t\u00e4 joskus my\u00f6s muihin asukkeihin. Er\u00e4\u00e4n kerran kaksikkomme s\u00e4ik\u00e4hti oikein kunnolla kun komea sarvip\u00e4\u00e4 l\u00e4hti juoksemaan ihan vierest\u00e4. Mets\u00e4 vaan kolisi ja t\u00f6misi kun se juoksi pakoon. Taisi s\u00e4ik\u00e4hdys olla molemminpuolinen, hym\u00e4htelee Eevert muistolleen.<\/p>\n<p>Pian ollaan jo t\u00e4ydess\u00e4 umpimets\u00e4ss\u00e4.<\/p>\n<p>Tuossapa taitaa olla sopiva puu. Keitet\u00e4\u00e4nk\u00f6s ensin nuotiokahvit ja sy\u00f6d\u00e4\u00e4n ev\u00e4\u00e4t, kyselee Eevert Tenholta. Seh\u00e4n sopii pikkukoiralle oikein hyvin.<\/p>\n<figure id=\"attachment_5605\" aria-describedby=\"caption-attachment-5605\" style=\"width: 640px\" class=\"wp-caption aligncenter\"><img loading=\"lazy\" decoding=\"async\" class=\"size-full wp-image-5605\" src=\"http:\/\/kinanen.fi\/wordpress\/wp-content\/uploads\/2012\/11\/14.12d.jpg\" alt=\"Nuotiomakkara paistumassa\" width=\"640\" height=\"480\" \/><figcaption id=\"caption-attachment-5605\" class=\"wp-caption-text\">Nuotiomakkara paistumassa<\/figcaption><\/figure>\n<p>Tulet syttyv\u00e4t nopeasti k\u00e4teviss\u00e4 k\u00e4siss\u00e4 ja makkarapaketin antimet paistuvat tikunnokassa. Tuoksu suurinpiirtein huumaa pienen koiran ja se kiert\u00e4\u00e4 nuotiota taukoamatta vahtien, ettei makkaralle vain k\u00e4y mitenk\u00e4\u00e4n huonosti.<\/p>\n<figure id=\"attachment_9374\" aria-describedby=\"caption-attachment-9374\" style=\"width: 480px\" class=\"wp-caption aligncenter\"><img loading=\"lazy\" decoding=\"async\" class=\"size-full wp-image-9374\" src=\"http:\/\/kinanen.fi\/wordpress\/wp-content\/uploads\/2015\/11\/7.12.-1-1.jpg\" alt=\"Kuusi kaadettu\" width=\"480\" height=\"640\" \/><figcaption id=\"caption-attachment-9374\" class=\"wp-caption-text\">Kuusi kaadettu<\/figcaption><\/figure>\n<p>Kuusen sahaaminen onnistui helposti. Nyt vain puu olalle ja kohti kotim\u00f6kki\u00e4. Puu tarvitsee viel\u00e4 sopivan jalan ennenkuin sen voi vied\u00e4 paikoilleen ja Suntio p\u00e4\u00e4see sit\u00e4 koristelemaan kirjekuorilla.<\/p>\n<p>Kotiin p\u00e4\u00e4sty\u00e4\u00e4n kaksikko oli mukavasti rasittunut. Taidetaan laittaa viel\u00e4 sauna p\u00e4\u00e4lle ja l\u00e4mmitell\u00e4 siell\u00e4 kunnolla, sanoo Eevert Tenholle. Tenho ravistelee p\u00e4\u00e4t\u00e4\u00e4n &#8211; antaa miehen vaan menn\u00e4 itsekseen saunaan &#8211; parempi paikka l\u00f6ytyy takan edustalta. Sinne Tenho saa mukaansa puolikkaan s\u00e4\u00e4riluun, jota j\u00e4rsiess\u00e4 kuluu hyvinkin Eevertin saunomiseen kulunut aika.<\/p>\n<figure id=\"attachment_5395\" aria-describedby=\"caption-attachment-5395\" style=\"width: 640px\" class=\"wp-caption aligncenter\"><img loading=\"lazy\" decoding=\"async\" class=\"size-full wp-image-5395\" src=\"http:\/\/kinanen.fi\/wordpress\/wp-content\/uploads\/2012\/10\/Aatto12.jpg\" alt=\"Sauna\" width=\"640\" height=\"528\" \/><figcaption id=\"caption-attachment-5395\" class=\"wp-caption-text\">Sauna<\/figcaption><\/figure>\n<p>Taavitsaisen talon v\u00e4ki on taas askelta l\u00e4hemp\u00e4n\u00e4 yhteist\u00e4 jouluiloa.<\/p>\n<p>Mik\u00e4 sinulle tuo ilon t\u00e4n\u00e4 Adventin aikana? L\u00f6yt\u00e4\u00e4k\u00f6 Eevert kuuselle sopivan jalan? Ja millaisia toiveita kuuseen ripustellaan?<\/p>\n<p>__________________________________________<\/p>\n<p>Kalenterissa on omia askartelujani sek\u00e4 lukuisa m\u00e4\u00e4r\u00e4 eri nukkekotitaiteilijoiden taidokkaita t\u00f6it\u00e4. En erittele niit\u00e4 erikseen. Jos ja kun l\u00f6yd\u00e4t oman teoksesi kuvista, niin j\u00e4t\u00e4 siit\u00e4 viesti yhteiseksi iloksi.<\/p>\n","protected":false},"excerpt":{"rendered":"<p>Arki on taas koittanut suuren juhlan j\u00e4lkeen. Oli se vaan hienoa katsella ja kuunnella taas vuoden j\u00e4lkeen kaikkea ty\u00f6t\u00e4 jota edelt\u00e4v\u00e4t sukupolvet ovat t\u00e4m\u00e4n maan eteen tehneet. On se vaan t\u00e4rke\u00e4 asia, ett\u00e4 maassa on rauha ja \u00a0yhdess\u00e4 rakennetaan parempaa huomista. Eevertin ajatellessa huomisen rakentamista h\u00e4n samalla muisti ett\u00e4 oli ottanut teht\u00e4v\u00e4kseen Joulupuun rakentamisen. Sen [&hellip;]<\/p>\n","protected":false},"author":1,"featured_media":0,"comment_status":"open","ping_status":"open","sticky":false,"template":"","format":"standard","meta":{"footnotes":""},"categories":[],"tags":[],"class_list":["post-9370","post","type-post","status-publish","format-standard","hentry"],"_links":{"self":[{"href":"https:\/\/www.kinanen.fi\/nukkekoti\/wp-json\/wp\/v2\/posts\/9370","targetHints":{"allow":["GET"]}}],"collection":[{"href":"https:\/\/www.kinanen.fi\/nukkekoti\/wp-json\/wp\/v2\/posts"}],"about":[{"href":"https:\/\/www.kinanen.fi\/nukkekoti\/wp-json\/wp\/v2\/types\/post"}],"author":[{"embeddable":true,"href":"https:\/\/www.kinanen.fi\/nukkekoti\/wp-json\/wp\/v2\/users\/1"}],"replies":[{"embeddable":true,"href":"https:\/\/www.kinanen.fi\/nukkekoti\/wp-json\/wp\/v2\/comments?post=9370"}],"version-history":[{"count":3,"href":"https:\/\/www.kinanen.fi\/nukkekoti\/wp-json\/wp\/v2\/posts\/9370\/revisions"}],"predecessor-version":[{"id":9668,"href":"https:\/\/www.kinanen.fi\/nukkekoti\/wp-json\/wp\/v2\/posts\/9370\/revisions\/9668"}],"wp:attachment":[{"href":"https:\/\/www.kinanen.fi\/nukkekoti\/wp-json\/wp\/v2\/media?parent=9370"}],"wp:term":[{"taxonomy":"category","embeddable":true,"href":"https:\/\/www.kinanen.fi\/nukkekoti\/wp-json\/wp\/v2\/categories?post=9370"},{"taxonomy":"post_tag","embeddable":true,"href":"https:\/\/www.kinanen.fi\/nukkekoti\/wp-json\/wp\/v2\/tags?post=9370"}],"curies":[{"name":"wp","href":"https:\/\/api.w.org\/{rel}","templated":true}]}}