{"id":9376,"date":"2015-12-08T00:15:16","date_gmt":"2015-12-07T22:15:16","guid":{"rendered":"http:\/\/kinanen.fi\/wordpress\/?p=9376"},"modified":"2015-12-07T21:17:57","modified_gmt":"2015-12-07T19:17:57","slug":"8-12-3","status":"publish","type":"post","link":"https:\/\/www.kinanen.fi\/nukkekoti\/8-12-3\/","title":{"rendered":"8.12."},"content":{"rendered":"<p>Eevert paistaa aamiaiseksi kananmunia ja pekonia. Se on sellainen ev\u00e4s, ett\u00e4 jaksaa varmasti pitk\u00e4lle iltap\u00e4iv\u00e4\u00e4n. Ja lis\u00e4ksi ne maistuvat oikein hyv\u00e4lle, selitt\u00e4\u00e4 Eevert itselleen paistaessaan annostaan.<\/p>\n<figure id=\"attachment_9387\" aria-describedby=\"caption-attachment-9387\" style=\"width: 640px\" class=\"wp-caption aligncenter\"><img fetchpriority=\"high\" decoding=\"async\" class=\"size-full wp-image-9387\" src=\"http:\/\/kinanen.fi\/wordpress\/wp-content\/uploads\/2015\/12\/8.12.-1-1.jpg\" alt=\"Munat ja pekoni\" width=\"640\" height=\"584\" \/><figcaption id=\"caption-attachment-9387\" class=\"wp-caption-text\">Munat ja pekoni<\/figcaption><\/figure>\n<p>Vaan siihen meni nyt sitten viimeiset kanamunat. Ja heti per\u00e4\u00e4n Eevert muistaa, ett\u00e4 on t\u00e4n\u00e4\u00e4n luvannut paistaa naapurin pojan kanssa lettuja. Jaaha &#8211; sitten sit\u00e4 on ment\u00e4v\u00e4 kaupoille t\u00e4n\u00e4\u00e4n.<\/p>\n<p>Eevert suuntaa aamiaisen j\u00e4lkeen vanhalle kaupalle. Kaupalta l\u00f6ytyy kaikkea tarpeellista. Jauhoja, maitoa ja kahvia tarvitaan. Ja v\u00e4h\u00e4n sit\u00e4 ja v\u00e4h\u00e4n tuota my\u00f6s.<\/p>\n<p>Kuulumisia tulee vaihdettua niin kauppiaan kuin kyl\u00e4l\u00e4istenkin kanssa. Kauppa on kohtauspaikka miss\u00e4 kaikki t\u00e4rke\u00e4t asiat viestit\u00e4\u00e4n. Tosin, taitaa siell\u00e4 monta v\u00e4\u00e4rinymm\u00e4rryst\u00e4kin synty\u00e4 siin\u00e4 samalla. Lopulta Eevert palaa kotim\u00f6kille ja purkaa tavarat.<\/p>\n<figure id=\"attachment_6990\" aria-describedby=\"caption-attachment-6990\" style=\"width: 489px\" class=\"wp-caption aligncenter\"><img decoding=\"async\" class=\"size-full wp-image-6990\" src=\"http:\/\/kinanen.fi\/wordpress\/wp-content\/uploads\/2013\/10\/10.12b.jpg\" alt=\"Ostokset\" width=\"489\" height=\"640\" \/><figcaption id=\"caption-attachment-6990\" class=\"wp-caption-text\">Ostokset<\/figcaption><\/figure>\n<p>Voi tuhat tulimmaista! Miss\u00e4 ne munat ovat, huudahtaa mies ja raapii p\u00e4\u00e4t\u00e4\u00e4n. Munat j\u00e4iv\u00e4t hankkimatta &#8211; sensijaan on koko korillinen muuta tavaraa. Mit\u00e4s t\u00e4ss\u00e4 nyt tehd\u00e4\u00e4n ja poikakin on kohta tulossa parahtaa mies.<\/p>\n<p>Ei kai se auta muu kuin menn\u00e4 naapuriin kyselem\u00e4\u00e4n. Siell\u00e4 on muutama kana navetassa. Olisikohan sielt\u00e4 saatavissa muutama muna n\u00e4in h\u00e4t\u00e4tilanteessa. Siisp\u00e4 kori kainaloon ja naapuriin.<\/p>\n<p>Naapurin is\u00e4nt\u00e4 mielell\u00e4\u00e4n auttaa kaveria. &#8221;K\u00e4y itse hakemassa, siell\u00e4 niit\u00e4 on koko pes\u00e4llinen&#8221; h\u00e4n sanoo ja kiirehtii t\u00f6ihins\u00e4.<\/p>\n<figure id=\"attachment_8232\" aria-describedby=\"caption-attachment-8232\" style=\"width: 479px\" class=\"wp-caption aligncenter\"><img decoding=\"async\" class=\"size-full wp-image-8232\" src=\"http:\/\/kinanen.fi\/wordpress\/wp-content\/uploads\/2014\/12\/IMG_2884.jpg\" alt=\"Naapurin is\u00e4nt\u00e4\" width=\"479\" height=\"640\" \/><figcaption id=\"caption-attachment-8232\" class=\"wp-caption-text\">Naapurin is\u00e4nt\u00e4<\/figcaption><\/figure>\n<p>Eevert huokaa. Ket\u00e4\u00e4n muuta ei ole paikalla. Ei kai auta muuta kuin menn\u00e4 hakemaan. Vanhasta muistista Eevert tiet\u00e4\u00e4, ett\u00e4 kanalassa on my\u00f6s kukko. Eik\u00e4 mik\u00e4\u00e4n turha kukko. Sellainen kukko, joka pit\u00e4\u00e4 tunkeilijat loitolla ja puolustaa kanasiaan koko kukon komeudellaan. Eik\u00e4 silt\u00e4 kukolta puutu rohkeutta hy\u00f6k\u00e4t\u00e4, vaikka olisi kuinka mahtava vastus edess\u00e4.<\/p>\n<p>Hieman arastellen Eevert avaa nevetan oven. Lehm\u00e4t ohitettuaan h\u00e4n p\u00e4\u00e4see kanalan puolelle. Ensiksi vastassa on muutama pupu. Niiden kanssa Eevert seurustelee hetken. Mainioita loikkijoita ne ovat, naurahtaa Eevert.<\/p>\n<figure id=\"attachment_9382\" aria-describedby=\"caption-attachment-9382\" style=\"width: 640px\" class=\"wp-caption aligncenter\"><img loading=\"lazy\" decoding=\"async\" class=\"size-full wp-image-9382\" src=\"http:\/\/kinanen.fi\/wordpress\/wp-content\/uploads\/2015\/12\/8.12.-3.jpg\" alt=\"Pupuperhe\" width=\"640\" height=\"480\" \/><figcaption id=\"caption-attachment-9382\" class=\"wp-caption-text\">Pupuperhe<\/figcaption><\/figure>\n<p>Pian on aika menn\u00e4 kanojen luo. Yksi m\u00f6yhypeppuinen rouva jo kovasti kotkottaa pes\u00e4n luona. Oli varmaan juuri saanut py\u00f6r\u00e4ytetty\u00e4 komean munan edellisten kaveriksi. Sielt\u00e4 niit\u00e4 vain poimitaan omaan tarpeeseen, ilahtuu Eevert ja l\u00e4hestyy pes\u00e4\u00e4.<\/p>\n<p>Tai ei l\u00e4hesty.<\/p>\n<p>Kukko on jo ilmaissut olemassaolonsa ja katselee tarhan puolelta kysyv\u00e4sti miest\u00e4.<\/p>\n<figure id=\"attachment_9386\" aria-describedby=\"caption-attachment-9386\" style=\"width: 640px\" class=\"wp-caption aligncenter\"><img loading=\"lazy\" decoding=\"async\" class=\"size-full wp-image-9386\" src=\"http:\/\/kinanen.fi\/wordpress\/wp-content\/uploads\/2015\/12\/8.12.-7.jpg\" alt=\"Kanala\" width=\"640\" height=\"480\" \/><figcaption id=\"caption-attachment-9386\" class=\"wp-caption-text\">Kanala<\/figcaption><\/figure>\n<p>Eevert ker\u00e4\u00e4 koko rohkeutensa ja saa kuin saakin tarvittavan munasaaliin koriinsa.<\/p>\n<figure id=\"attachment_9385\" aria-describedby=\"caption-attachment-9385\" style=\"width: 640px\" class=\"wp-caption aligncenter\"><img loading=\"lazy\" decoding=\"async\" class=\"size-full wp-image-9385\" src=\"http:\/\/kinanen.fi\/wordpress\/wp-content\/uploads\/2015\/12\/8.12.-6.jpg\" alt=\"Kana ja pes\u00e4\" width=\"640\" height=\"503\" \/><figcaption id=\"caption-attachment-9385\" class=\"wp-caption-text\">Kana ja pes\u00e4<\/figcaption><\/figure>\n<p>L\u00e4ksi\u00e4isiksi kukko k\u00e4y viel\u00e4 ilmoittamassa tyytym\u00e4tt\u00f6myytens\u00e4 kaikkeen tapahtuneeseen. J\u00e4tt\u00e4\u00e4 sent\u00e4\u00e4n nokkaisematta Eeverti\u00e4 t\u00e4ll\u00e4 kertaa.<\/p>\n<figure id=\"attachment_9384\" aria-describedby=\"caption-attachment-9384\" style=\"width: 480px\" class=\"wp-caption aligncenter\"><img loading=\"lazy\" decoding=\"async\" class=\"size-full wp-image-9384\" src=\"http:\/\/kinanen.fi\/wordpress\/wp-content\/uploads\/2015\/12\/8.12.-5.jpg\" alt=\"L\u00e4ht\u00f6keskustelu\" width=\"480\" height=\"640\" \/><figcaption id=\"caption-attachment-9384\" class=\"wp-caption-text\">L\u00e4ht\u00f6keskustelu<\/figcaption><\/figure>\n<p>Kotona on viimein aika ryhty\u00e4 laatimaan r\u00e4isk\u00e4letaikinaa. Se valmistuu juuri ennenkuin naapurin poika p\u00e4\u00e4see koulusta. Puheissa oli, ett\u00e4 tulee koulusta suoraan l\u00e4ttysille. Kyll\u00e4 ne maistuvatkin hyvilt\u00e4 &#8211; viimein.<\/p>\n<figure id=\"attachment_9388\" aria-describedby=\"caption-attachment-9388\" style=\"width: 480px\" class=\"wp-caption aligncenter\"><img loading=\"lazy\" decoding=\"async\" class=\"size-full wp-image-9388\" src=\"http:\/\/kinanen.fi\/wordpress\/wp-content\/uploads\/2015\/12\/8.12.-2-1.jpg\" alt=\"Lettukestit\" width=\"480\" height=\"640\" \/><figcaption id=\"caption-attachment-9388\" class=\"wp-caption-text\">Lettukestit<\/figcaption><\/figure>\n<p>Massut pullollaan kaksikko ryhtyy yhdess\u00e4 tutkimaan kotil\u00e4ksyj\u00e4. Monta visaista teht\u00e4v\u00e4\u00e4 sielt\u00e4 tulee Eevertille vastaan.<\/p>\n<p>Mit\u00e4 sin\u00e4 tekisin kananmunista joulunaikaan? Millaisista herkuista sin\u00e4 pid\u00e4t? Ent\u00e4 osasiko Eevert auttaa l\u00e4ksyjen teossa?<\/p>\n<p>________________________________________<\/p>\n<p>Kalenterissa on omia askartelujani sek\u00e4 lukuisa m\u00e4\u00e4r\u00e4 eri nukkekotitaiteilijoiden taidokkaita t\u00f6it\u00e4. En erittele niit\u00e4 erikseen. Jos ja kun l\u00f6yd\u00e4t oman teoksesi kuvista, niin j\u00e4t\u00e4 siit\u00e4 viesti yhteiseksi iloksi.<\/p>\n<p>&nbsp;<\/p>\n","protected":false},"excerpt":{"rendered":"<p>Eevert paistaa aamiaiseksi kananmunia ja pekonia. Se on sellainen ev\u00e4s, ett\u00e4 jaksaa varmasti pitk\u00e4lle iltap\u00e4iv\u00e4\u00e4n. Ja lis\u00e4ksi ne maistuvat oikein hyv\u00e4lle, selitt\u00e4\u00e4 Eevert itselleen paistaessaan annostaan. Vaan siihen meni nyt sitten viimeiset kanamunat. Ja heti per\u00e4\u00e4n Eevert muistaa, ett\u00e4 on t\u00e4n\u00e4\u00e4n luvannut paistaa naapurin pojan kanssa lettuja. Jaaha &#8211; sitten sit\u00e4 on ment\u00e4v\u00e4 kaupoille t\u00e4n\u00e4\u00e4n. [&hellip;]<\/p>\n","protected":false},"author":1,"featured_media":0,"comment_status":"open","ping_status":"open","sticky":false,"template":"","format":"standard","meta":{"footnotes":""},"categories":[],"tags":[],"class_list":["post-9376","post","type-post","status-publish","format-standard","hentry"],"_links":{"self":[{"href":"https:\/\/www.kinanen.fi\/nukkekoti\/wp-json\/wp\/v2\/posts\/9376","targetHints":{"allow":["GET"]}}],"collection":[{"href":"https:\/\/www.kinanen.fi\/nukkekoti\/wp-json\/wp\/v2\/posts"}],"about":[{"href":"https:\/\/www.kinanen.fi\/nukkekoti\/wp-json\/wp\/v2\/types\/post"}],"author":[{"embeddable":true,"href":"https:\/\/www.kinanen.fi\/nukkekoti\/wp-json\/wp\/v2\/users\/1"}],"replies":[{"embeddable":true,"href":"https:\/\/www.kinanen.fi\/nukkekoti\/wp-json\/wp\/v2\/comments?post=9376"}],"version-history":[{"count":6,"href":"https:\/\/www.kinanen.fi\/nukkekoti\/wp-json\/wp\/v2\/posts\/9376\/revisions"}],"predecessor-version":[{"id":9669,"href":"https:\/\/www.kinanen.fi\/nukkekoti\/wp-json\/wp\/v2\/posts\/9376\/revisions\/9669"}],"wp:attachment":[{"href":"https:\/\/www.kinanen.fi\/nukkekoti\/wp-json\/wp\/v2\/media?parent=9376"}],"wp:term":[{"taxonomy":"category","embeddable":true,"href":"https:\/\/www.kinanen.fi\/nukkekoti\/wp-json\/wp\/v2\/categories?post=9376"},{"taxonomy":"post_tag","embeddable":true,"href":"https:\/\/www.kinanen.fi\/nukkekoti\/wp-json\/wp\/v2\/tags?post=9376"}],"curies":[{"name":"wp","href":"https:\/\/api.w.org\/{rel}","templated":true}]}}