{"id":9391,"date":"2015-12-09T00:15:20","date_gmt":"2015-12-08T22:15:20","guid":{"rendered":"http:\/\/kinanen.fi\/wordpress\/?p=9391"},"modified":"2015-12-08T19:16:25","modified_gmt":"2015-12-08T17:16:25","slug":"9-12-3","status":"publish","type":"post","link":"https:\/\/www.kinanen.fi\/nukkekoti\/9-12-3\/","title":{"rendered":"9.12."},"content":{"rendered":"<p>Sataa lunta! Sataa lunta!<\/p>\n<p>Eevert riemuitsee laskeutuvista lumihiutaleista aivan kuin ei olisi ikin\u00e4 el\u00e4m\u00e4ss\u00e4\u00e4n niit\u00e4 n\u00e4hnyt. Jo ennen aamukahvin keitt\u00e4mist\u00e4 mies seisoo pihassa suu auki koettaen saada hiutaleita suuhunsa. Vanhaa mieheen iskee poikamainen riemu, joka ei voi olla n\u00e4kym\u00e4tt\u00e4 ohikulkijoille.<\/p>\n<p>Eevert huikkaisee tervehdyksens\u00e4 ja koettaa\u00a0puristella lumipallon kasaan k\u00e4siss\u00e4\u00e4n.<\/p>\n<figure id=\"attachment_2111\" aria-describedby=\"caption-attachment-2111\" style=\"width: 497px\" class=\"wp-caption aligncenter\"><img fetchpriority=\"high\" decoding=\"async\" class=\"size-full wp-image-2111\" src=\"http:\/\/kinanen.fi\/wordpress\/wp-content\/uploads\/2010\/12\/Lumi3.jpg\" alt=\"Luminen mies\" width=\"497\" height=\"640\" \/><figcaption id=\"caption-attachment-2111\" class=\"wp-caption-text\">Luminen mies<\/figcaption><\/figure>\n<p>Lumi on merkillinen asia. Katsoppa ymp\u00e4rillesi kun sataa ensilumi. Ihmiset muuttuvat iloisiksi ja hyv\u00e4ntuulisiksi kuin taikaiskusta.<\/p>\n<p>Eevert ottaa luudan ja siistii ovenpielen. T\u00e4ytyy sent\u00e4\u00e4n sis\u00e4lle p\u00e4\u00e4st\u00e4 kuivin jaloin. Lumi kun sulaa sis\u00e4lle tullessaan ja pian saa huomata, ett\u00e4 saappaiden alla on vesil\u00e4t\u00e4kk\u00f6.<\/p>\n<figure id=\"attachment_9398\" aria-describedby=\"caption-attachment-9398\" style=\"width: 640px\" class=\"wp-caption aligncenter\"><img decoding=\"async\" class=\"size-full wp-image-9398\" src=\"http:\/\/kinanen.fi\/wordpress\/wp-content\/uploads\/2015\/12\/9.12.-1-2.jpg\" alt=\"Pihaty\u00f6t\" width=\"640\" height=\"522\" \/><figcaption id=\"caption-attachment-9398\" class=\"wp-caption-text\">Pihaty\u00f6t<\/figcaption><\/figure>\n<p>Lumentulo on Eevertille er\u00e4s rajapyykki. Silloin otetaan asetetaan\u00a0lis\u00e4\u00e4 valoja pihaan. Vanha tallilyhty otetaan esille ja puhdistetaan huolellisesti.<\/p>\n<figure id=\"attachment_9394\" aria-describedby=\"caption-attachment-9394\" style=\"width: 427px\" class=\"wp-caption aligncenter\"><img decoding=\"async\" class=\"size-full wp-image-9394\" src=\"http:\/\/kinanen.fi\/wordpress\/wp-content\/uploads\/2015\/12\/9.12.-1.jpg\" alt=\"Vanha tallilyhty\" width=\"427\" height=\"640\" \/><figcaption id=\"caption-attachment-9394\" class=\"wp-caption-text\">Vanha tallilyhty<\/figcaption><\/figure>\n<p>Lyhty on viel\u00e4 hyv\u00e4ss\u00e4 kunnossa. Isois\u00e4 sen on aikoinaan tehnyt ja silloin tehtiin tarkkaa ja kest\u00e4v\u00e4\u00e4 ty\u00f6t\u00e4. Osaisikohan sit\u00e4 t\u00e4mm\u00f6isen tehd\u00e4, miettii Eevert mieless\u00e4\u00e4n. Onhan Eevert taitava k\u00e4sist\u00e4\u00e4n, mutta taidot ovat paljon suurpiirteisemm\u00e4t kuin edelt\u00e4vien sukupolvien osaamiset. \u00a0Taavitsaisen talo on kokonaan esi-isien k\u00e4tten t\u00f6it\u00e4. Jokainen is\u00e4nt\u00e4 on v\u00e4kens\u00e4 kanssa sit\u00e4 rakentanut omien vahvuuksiensa kanssa.<\/p>\n<p>Vanhaa kannattaa vaalia, sill\u00e4 se on katoavaista, jos huonosti kohtelee, toteaa Eevert ja ryhtyy viel\u00e4 hellemmin lyhdyn puhdistust\u00f6ihin.<\/p>\n<figure id=\"attachment_9396\" aria-describedby=\"caption-attachment-9396\" style=\"width: 480px\" class=\"wp-caption aligncenter\"><img loading=\"lazy\" decoding=\"async\" class=\"size-full wp-image-9396\" src=\"http:\/\/kinanen.fi\/wordpress\/wp-content\/uploads\/2015\/12\/9.12.-1-1.jpg\" alt=\"Pihavalot lis\u00e4\u00e4ntyv\u00e4t\" width=\"480\" height=\"640\" \/><figcaption id=\"caption-attachment-9396\" class=\"wp-caption-text\">Pihavalot lis\u00e4\u00e4ntyv\u00e4t<\/figcaption><\/figure>\n<p>Kynttil\u00e4 syttyy lyhtyyn ja Tenho l\u00e4htee heti tutkimaan moista valonl\u00e4hdett\u00e4. Kaunis se on koirankin mielest\u00e4 ja iloisesti se haukahtaa kuin vastaukseksi Eevertille.<\/p>\n<p>Eevert katselee lepattavaa liekki\u00e4 ja ajatukset vier\u00e4ht\u00e4v\u00e4t hetkess\u00e4 vuosikymmeni\u00e4 taaksep\u00e4in rakkaiden ihmisten pariin. Monta tarinaa liittyy vanhaan tallilyhtyyn ja niihin perinteisiin, joita kulloinenkin talonv\u00e4ki ovat sen k\u00e4ytt\u00f6\u00f6n liitt\u00e4neet.<\/p>\n<figure id=\"attachment_9395\" aria-describedby=\"caption-attachment-9395\" style=\"width: 640px\" class=\"wp-caption aligncenter\"><img loading=\"lazy\" decoding=\"async\" class=\"size-full wp-image-9395\" src=\"http:\/\/kinanen.fi\/wordpress\/wp-content\/uploads\/2015\/12\/9.12.-2.jpg\" alt=\"Tenho tutkii lyhty\u00e4\" width=\"640\" height=\"427\" \/><figcaption id=\"caption-attachment-9395\" class=\"wp-caption-text\">Tenho tutkii lyhty\u00e4<\/figcaption><\/figure>\n<p>Mit\u00e4 vanhaa ja merkityksellist\u00e4 sin\u00e4 l\u00f6yd\u00e4t kotoasi? Mit\u00e4 ajattelet siit\u00e4, ett\u00e4 se on s\u00e4ilynyt n\u00e4ihin p\u00e4iviin saakka? Millaisten vaiheiden l\u00e4pi se on s\u00e4ilynyt?\u00a0Ent\u00e4\u00a0mist\u00e4 haluat, ett\u00e4 sinut ja\/tai tekemisesi tunnetaan joskus tulevaisuudessa?<\/p>\n<p>____________________________________________<\/p>\n<p>Kalenterissa on omia askartelujani sek\u00e4 lukuisa m\u00e4\u00e4r\u00e4 eri nukkekotitaiteilijoiden taidokkaita t\u00f6it\u00e4. En erittele niit\u00e4 erikseen. Jos ja kun l\u00f6yd\u00e4t oman teoksesi kuvista, niin j\u00e4t\u00e4 siit\u00e4 viesti yhteiseksi iloksi.<\/p>\n","protected":false},"excerpt":{"rendered":"<p>Sataa lunta! Sataa lunta! Eevert riemuitsee laskeutuvista lumihiutaleista aivan kuin ei olisi ikin\u00e4 el\u00e4m\u00e4ss\u00e4\u00e4n niit\u00e4 n\u00e4hnyt. Jo ennen aamukahvin keitt\u00e4mist\u00e4 mies seisoo pihassa suu auki koettaen saada hiutaleita suuhunsa. Vanhaa mieheen iskee poikamainen riemu, joka ei voi olla n\u00e4kym\u00e4tt\u00e4 ohikulkijoille. Eevert huikkaisee tervehdyksens\u00e4 ja koettaa\u00a0puristella lumipallon kasaan k\u00e4siss\u00e4\u00e4n. Lumi on merkillinen asia. Katsoppa ymp\u00e4rillesi kun [&hellip;]<\/p>\n","protected":false},"author":1,"featured_media":0,"comment_status":"open","ping_status":"open","sticky":false,"template":"","format":"standard","meta":{"footnotes":""},"categories":[],"tags":[],"class_list":["post-9391","post","type-post","status-publish","format-standard","hentry"],"_links":{"self":[{"href":"https:\/\/www.kinanen.fi\/nukkekoti\/wp-json\/wp\/v2\/posts\/9391","targetHints":{"allow":["GET"]}}],"collection":[{"href":"https:\/\/www.kinanen.fi\/nukkekoti\/wp-json\/wp\/v2\/posts"}],"about":[{"href":"https:\/\/www.kinanen.fi\/nukkekoti\/wp-json\/wp\/v2\/types\/post"}],"author":[{"embeddable":true,"href":"https:\/\/www.kinanen.fi\/nukkekoti\/wp-json\/wp\/v2\/users\/1"}],"replies":[{"embeddable":true,"href":"https:\/\/www.kinanen.fi\/nukkekoti\/wp-json\/wp\/v2\/comments?post=9391"}],"version-history":[{"count":7,"href":"https:\/\/www.kinanen.fi\/nukkekoti\/wp-json\/wp\/v2\/posts\/9391\/revisions"}],"predecessor-version":[{"id":9672,"href":"https:\/\/www.kinanen.fi\/nukkekoti\/wp-json\/wp\/v2\/posts\/9391\/revisions\/9672"}],"wp:attachment":[{"href":"https:\/\/www.kinanen.fi\/nukkekoti\/wp-json\/wp\/v2\/media?parent=9391"}],"wp:term":[{"taxonomy":"category","embeddable":true,"href":"https:\/\/www.kinanen.fi\/nukkekoti\/wp-json\/wp\/v2\/categories?post=9391"},{"taxonomy":"post_tag","embeddable":true,"href":"https:\/\/www.kinanen.fi\/nukkekoti\/wp-json\/wp\/v2\/tags?post=9391"}],"curies":[{"name":"wp","href":"https:\/\/api.w.org\/{rel}","templated":true}]}}