{"id":9401,"date":"2015-12-10T00:15:08","date_gmt":"2015-12-09T22:15:08","guid":{"rendered":"http:\/\/kinanen.fi\/wordpress\/?p=9401"},"modified":"2015-12-09T20:06:23","modified_gmt":"2015-12-09T18:06:23","slug":"10-12-4","status":"publish","type":"post","link":"https:\/\/www.kinanen.fi\/nukkekoti\/10-12-4\/","title":{"rendered":"10.12."},"content":{"rendered":"<p>Eevert on nukkunut pitk\u00e4\u00e4n ja on viel\u00e4kin syv\u00e4ss\u00e4 unessa. Eilisen lumileikit pihalla olivat varmasti tehneet teht\u00e4v\u00e4ns\u00e4 ja antaneet raukean unen miehelle.<\/p>\n<figure id=\"attachment_7090\" aria-describedby=\"caption-attachment-7090\" style=\"width: 480px\" class=\"wp-caption aligncenter\"><img fetchpriority=\"high\" decoding=\"async\" class=\"size-full wp-image-7090\" src=\"http:\/\/kinanen.fi\/wordpress\/wp-content\/uploads\/2013\/10\/20.12d.jpg\" alt=\"Nukkuva Eevert\" width=\"480\" height=\"640\" \/><figcaption id=\"caption-attachment-7090\" class=\"wp-caption-text\">Nukkuva Eevert<\/figcaption><\/figure>\n<p>Aamu alkaa verkkaisesti ja kovasti kiskotellen. Tenhokoira ja em\u00e4nt\u00e4kissakin k\u00e4yv\u00e4t jo ihmettelem\u00e4ss\u00e4 miksi ei aamuapetta jo kuulu. Lopulta mies saa itsens\u00e4 keitti\u00f6\u00f6n ja p\u00e4iv\u00e4 p\u00e4\u00e4see alkamaan.<\/p>\n<p>Aamukahvin juotuaan Eevert muistaa p\u00e4iv\u00e4n sopimukset. Suntio kaipaa kuntoutusta ja Eevert on luvannut l\u00e4hte\u00e4 h\u00e4nen kanssaan p\u00e4iv\u00e4ksi l\u00e4heiseen kylpyl\u00e4\u00e4n. Joutaa sit\u00e4 n\u00e4it\u00e4kin vanhoja luita hieman hoitaa ja hemmotella. Mik\u00e4p\u00e4 siin\u00e4.<\/p>\n<figure id=\"attachment_9406\" aria-describedby=\"caption-attachment-9406\" style=\"width: 480px\" class=\"wp-caption aligncenter\"><img decoding=\"async\" class=\"size-full wp-image-9406\" src=\"http:\/\/kinanen.fi\/wordpress\/wp-content\/uploads\/2015\/12\/10.12.-2-1.jpg\" alt=\"Linja-autopys\u00e4kill\u00e4\" width=\"480\" height=\"640\" \/><figcaption id=\"caption-attachment-9406\" class=\"wp-caption-text\">Linja-autopys\u00e4kill\u00e4<\/figcaption><\/figure>\n<p>Niinp\u00e4 Eevert hakee yst\u00e4v\u00e4ns\u00e4 mukaan ja kaksikko suuntaa linja-autolla kohti sovittua p\u00e4\u00e4m\u00e4\u00e4r\u00e4\u00e4. P\u00e4iv\u00e4n ohjelmassa on ulkoilua, kylpemist\u00e4 ja hyv\u00e4\u00e4 ruokaa.<\/p>\n<p>Mik\u00e4 on miesten ollessa kun heist\u00e4 pidet\u00e4\u00e4n niin hyv\u00e4\u00e4 huolta. Koko ajan on joku tarkistamassa, ett\u00e4 kaikki on varmasti kunnossa ja olo on hyv\u00e4.<\/p>\n<p>Eevert valitsee itselleen mainion yrttikylvyn. Siin\u00e4 on oikein autuasta lojua ja hengitell\u00e4 yrttien hoitavia aromeja. Kylvyn j\u00e4lkeen on hieronnan vuoro. Kovin ovat Suntio ja Eevert pehmenneet p\u00e4iv\u00e4n aikana, niin raukea on olo.<\/p>\n<figure id=\"attachment_9404\" aria-describedby=\"caption-attachment-9404\" style=\"width: 640px\" class=\"wp-caption aligncenter\"><img decoding=\"async\" class=\"size-full wp-image-9404\" src=\"http:\/\/kinanen.fi\/wordpress\/wp-content\/uploads\/2015\/12\/10.12.-1-1.jpg\" alt=\"Yrttikylpy\" width=\"640\" height=\"469\" \/><figcaption id=\"caption-attachment-9404\" class=\"wp-caption-text\">Yrttikylpy<\/figcaption><\/figure>\n<p>Paikka on kovin kaunis. Joulunvaloja, v\u00e4rej\u00e4 ja tuoksuja on aistittavissa, meni sitten minne tahansa. Illan h\u00e4m\u00e4rtyess\u00e4 valokranssit loistavat ikkunoissa.<\/p>\n<figure id=\"attachment_9407\" aria-describedby=\"caption-attachment-9407\" style=\"width: 640px\" class=\"wp-caption aligncenter\"><img loading=\"lazy\" decoding=\"async\" class=\"size-full wp-image-9407\" src=\"http:\/\/kinanen.fi\/wordpress\/wp-content\/uploads\/2015\/12\/10.12.-2.jpg\" alt=\"Valo\" width=\"640\" height=\"610\" \/><figcaption id=\"caption-attachment-9407\" class=\"wp-caption-text\">Valo<\/figcaption><\/figure>\n<p>Suuren kartanon lukuisat ikkunat kylpev\u00e4t valossa. Sis\u00e4ll\u00e4 kartanossakin on valot\u00e4hti\u00e4 ilahduttamassa vieraita.<\/p>\n<p>Joukko valokuvia on laitettu lipaston p\u00e4\u00e4lle. Ihan t\u00e4m\u00e4 on niinkuin mummolassa aikoinaan. Sama tunnelma ja melkeinp\u00e4 tuoksukin, tuumailee Eevert nauttiessaan maukasta ateriaa viihtyis\u00e4ss\u00e4 salissa.<\/p>\n<figure id=\"attachment_9405\" aria-describedby=\"caption-attachment-9405\" style=\"width: 640px\" class=\"wp-caption aligncenter\"><img loading=\"lazy\" decoding=\"async\" class=\"size-full wp-image-9405\" src=\"http:\/\/kinanen.fi\/wordpress\/wp-content\/uploads\/2015\/12\/10.12.-1.jpg\" alt=\"Valokuvia\" width=\"640\" height=\"469\" \/><figcaption id=\"caption-attachment-9405\" class=\"wp-caption-text\">Valokuvia<\/figcaption><\/figure>\n<p>Vierailu on lyhyt, vain p\u00e4iv\u00e4 ja y\u00f6. Paljon se silti antaa kun keskittyy vain siihen ett\u00e4 on itsell\u00e4 hyv\u00e4 olla. Ja viel\u00e4 kun pit\u00e4\u00e4 kaverin voinnista huolta, niin ilo on kaksin verroin mahtavampi.<\/p>\n<p>Vanhat yst\u00e4vykset, Suntio ja Eevert istuvat iltaa kahdestaan ja miettiv\u00e4t mit\u00e4 kaikkea hyv\u00e4\u00e4 ovat saaneet el\u00e4\u00e4 ja kokea yhdess\u00e4. Yst\u00e4vyys ja yhteisten asioiden jakaminen ovat t\u00e4rkeit\u00e4 asioita. Yst\u00e4vist\u00e4 kannattaa pit\u00e4\u00e4 huolta, sill\u00e4 sen voi kadottaa jos pit\u00e4\u00e4 sit\u00e4 itsest\u00e4\u00e4n selv\u00e4n\u00e4 asiana.<\/p>\n<figure id=\"attachment_3683\" aria-describedby=\"caption-attachment-3683\" style=\"width: 604px\" class=\"wp-caption aligncenter\"><img loading=\"lazy\" decoding=\"async\" class=\"size-full wp-image-3683\" src=\"http:\/\/kinanen.fi\/wordpress\/wp-content\/uploads\/2011\/10\/sanat6.jpg\" alt=\"Muistojen kirja\" width=\"604\" height=\"640\" \/><figcaption id=\"caption-attachment-3683\" class=\"wp-caption-text\">Muistojen kirja<\/figcaption><\/figure>\n<p>Kotiin palattuaan Eevert otti esille P\u00e4iv\u00e4kirjansa ja kirjoitti sinne muistiin kaikkea mit\u00e4 oli viimeisen vuorokauden aikana kokenut. On se vaan hieno asia, ett\u00e4 vaikka tulee vanhaksi, niin silloinkin viel\u00e4 on kovin paljon uutta koettavaa ja elett\u00e4v\u00e4\u00e4. Sit\u00e4 pit\u00e4isi muistaa aina olla ja el\u00e4\u00e4 niin, ett\u00e4 muistaa kiitt\u00e4\u00e4 kokemastaan hyv\u00e4st\u00e4. Ja pyyt\u00e4\u00e4 siunausta niille huonommille p\u00e4iville entist\u00e4 enempi.<\/p>\n<p>Mit\u00e4 sin\u00e4 olet saanut t\u00e4n\u00e4\u00e4n kokea ja el\u00e4\u00e4? Mit\u00e4 kirjoittaisit t\u00e4st\u00e4 p\u00e4iv\u00e4st\u00e4 p\u00e4iv\u00e4kirjaasi? Mit\u00e4 opit t\u00e4n\u00e4\u00e4n? Ent\u00e4 tunnistiko miss\u00e4 Eevert Suntion kanssa k\u00e4vi?<\/p>\n<p>________________________________________________<\/p>\n<p>Kalenterissa on omia askartelujani sek\u00e4 lukuisa m\u00e4\u00e4r\u00e4 eri nukkekotitaiteilijoiden taidokkaita t\u00f6it\u00e4. En erittele niit\u00e4 erikseen. Jos ja kun l\u00f6yd\u00e4t oman teoksesi kuvista, niin j\u00e4t\u00e4 siit\u00e4 viesti yhteiseksi iloksi.<\/p>\n<p>&nbsp;<\/p>\n<p>&nbsp;<\/p>\n<p>&nbsp;<\/p>\n","protected":false},"excerpt":{"rendered":"<p>Eevert on nukkunut pitk\u00e4\u00e4n ja on viel\u00e4kin syv\u00e4ss\u00e4 unessa. Eilisen lumileikit pihalla olivat varmasti tehneet teht\u00e4v\u00e4ns\u00e4 ja antaneet raukean unen miehelle. Aamu alkaa verkkaisesti ja kovasti kiskotellen. Tenhokoira ja em\u00e4nt\u00e4kissakin k\u00e4yv\u00e4t jo ihmettelem\u00e4ss\u00e4 miksi ei aamuapetta jo kuulu. Lopulta mies saa itsens\u00e4 keitti\u00f6\u00f6n ja p\u00e4iv\u00e4 p\u00e4\u00e4see alkamaan. Aamukahvin juotuaan Eevert muistaa p\u00e4iv\u00e4n sopimukset. Suntio kaipaa [&hellip;]<\/p>\n","protected":false},"author":1,"featured_media":0,"comment_status":"open","ping_status":"open","sticky":false,"template":"","format":"standard","meta":{"footnotes":""},"categories":[],"tags":[],"class_list":["post-9401","post","type-post","status-publish","format-standard","hentry"],"_links":{"self":[{"href":"https:\/\/www.kinanen.fi\/nukkekoti\/wp-json\/wp\/v2\/posts\/9401","targetHints":{"allow":["GET"]}}],"collection":[{"href":"https:\/\/www.kinanen.fi\/nukkekoti\/wp-json\/wp\/v2\/posts"}],"about":[{"href":"https:\/\/www.kinanen.fi\/nukkekoti\/wp-json\/wp\/v2\/types\/post"}],"author":[{"embeddable":true,"href":"https:\/\/www.kinanen.fi\/nukkekoti\/wp-json\/wp\/v2\/users\/1"}],"replies":[{"embeddable":true,"href":"https:\/\/www.kinanen.fi\/nukkekoti\/wp-json\/wp\/v2\/comments?post=9401"}],"version-history":[{"count":6,"href":"https:\/\/www.kinanen.fi\/nukkekoti\/wp-json\/wp\/v2\/posts\/9401\/revisions"}],"predecessor-version":[{"id":9673,"href":"https:\/\/www.kinanen.fi\/nukkekoti\/wp-json\/wp\/v2\/posts\/9401\/revisions\/9673"}],"wp:attachment":[{"href":"https:\/\/www.kinanen.fi\/nukkekoti\/wp-json\/wp\/v2\/media?parent=9401"}],"wp:term":[{"taxonomy":"category","embeddable":true,"href":"https:\/\/www.kinanen.fi\/nukkekoti\/wp-json\/wp\/v2\/categories?post=9401"},{"taxonomy":"post_tag","embeddable":true,"href":"https:\/\/www.kinanen.fi\/nukkekoti\/wp-json\/wp\/v2\/tags?post=9401"}],"curies":[{"name":"wp","href":"https:\/\/api.w.org\/{rel}","templated":true}]}}