{"id":9418,"date":"2015-12-11T00:15:59","date_gmt":"2015-12-10T22:15:59","guid":{"rendered":"http:\/\/kinanen.fi\/wordpress\/?p=9418"},"modified":"2015-12-10T22:09:17","modified_gmt":"2015-12-10T20:09:17","slug":"11-12-4","status":"publish","type":"post","link":"https:\/\/www.kinanen.fi\/nukkekoti\/11-12-4\/","title":{"rendered":"11.12."},"content":{"rendered":"<p>Kotikyl\u00e4lle palattuaan Eevert huomaa, ett\u00e4 kyl\u00e4nmiehet ovat jo kokoontuneet torille. Mukana on jos jotakin ty\u00f6v\u00e4linett\u00e4 ja tarviketta. Aikaisemmin p\u00e4\u00e4tettiin miehiss\u00e4 rakentaa kaikkien yhteinen joulutapahtuma kyl\u00e4n torilla. Rakennust\u00f6iden aika on k\u00e4sill\u00e4.<\/p>\n<p>Eevert keittelee kotona kahvit termokseen ja ottaa v\u00e4h\u00e4n ev\u00e4st\u00e4 matkaan. S\u00e4\u00e4styyp\u00e4 sitten aikaa, kun ei tarvitse kotiin tulla keittelem\u00e4\u00e4n apetta v\u00e4lill\u00e4.<\/p>\n<figure id=\"attachment_9425\" aria-describedby=\"caption-attachment-9425\" style=\"width: 640px\" class=\"wp-caption aligncenter\"><img fetchpriority=\"high\" decoding=\"async\" class=\"size-full wp-image-9425\" src=\"http:\/\/kinanen.fi\/wordpress\/wp-content\/uploads\/2015\/12\/11.12.-1-2.jpg\" alt=\"Ev\u00e4\u00e4t ty\u00f6maalle\" width=\"640\" height=\"427\" \/><figcaption id=\"caption-attachment-9425\" class=\"wp-caption-text\">Ev\u00e4\u00e4t ty\u00f6maalle<\/figcaption><\/figure>\n<p>Suunnitelmissa on rakentaa muutamia torikojuja paikalle ja pieni suoja jossa kylm\u00e4n s\u00e4\u00e4n yll\u00e4tt\u00e4ess\u00e4 voi jaettavaa soppaa sy\u00f6d\u00e4. Siin\u00e4 sit\u00e4 on nikkaroijille kovastikin hommaa useammaksi p\u00e4iv\u00e4ksi, tuumii Eevert.<\/p>\n<p>P\u00e4iv\u00e4 etenee iloisissa merkeiss\u00e4. Mik\u00e4 sen paremmin ilon nostaa pintaan, kuin hyv\u00e4n tekeminen toisille ja viel\u00e4 kaikkien yhteiseksi iloksi.<\/p>\n<p>Ev\u00e4stelyn aikana viri\u00e4\u00e4 porukassa monenlaista keskustelua porukassa\u00a0auttamisesta<\/p>\n<figure id=\"attachment_9424\" aria-describedby=\"caption-attachment-9424\" style=\"width: 640px\" class=\"wp-caption aligncenter\"><img decoding=\"async\" class=\"size-full wp-image-9424\" src=\"http:\/\/kinanen.fi\/wordpress\/wp-content\/uploads\/2015\/12\/11.12.-1-1.jpg\" alt=\"Ev\u00e4stauko\" width=\"640\" height=\"427\" \/><figcaption id=\"caption-attachment-9424\" class=\"wp-caption-text\">Ev\u00e4stauko<\/figcaption><\/figure>\n<p>Joku v\u00e4est\u00e4 kertoi lukeneensa ihan tutkimuksen siit\u00e4, kuinka toisten auttaminen vaikuttaa my\u00f6s omaan hyvinvointiin my\u00f6nteisesti.<\/p>\n<p>Ja jos katsoo t\u00e4t\u00e4 porukkaa, niin se on helppo ymm\u00e4rt\u00e4\u00e4, naurahtaa Eevert kuultuaan selostuksen. Ja toden totta, niin iloista talkooporukkaa ei olekaan pitk\u00e4\u00e4n aikaan n\u00e4hty.<\/p>\n<p>Eevert liikuttuu katsellessaan ukkojen intoa toimia heille uskotussa teht\u00e4v\u00e4ss\u00e4 ja kuinka tunnollisesti ja tarkasti he vapaaehtoista ty\u00f6t\u00e4\u00e4n tekev\u00e4t.<\/p>\n<figure id=\"attachment_9426\" aria-describedby=\"caption-attachment-9426\" style=\"width: 528px\" class=\"wp-caption aligncenter\"><img decoding=\"async\" class=\"size-full wp-image-9426\" src=\"http:\/\/kinanen.fi\/wordpress\/wp-content\/uploads\/2015\/12\/11.12.-1-3.jpg\" alt=\"Rakennetaan joulupuu\" width=\"528\" height=\"640\" \/><figcaption id=\"caption-attachment-9426\" class=\"wp-caption-text\">Rakennetaan joulupuu<\/figcaption><\/figure>\n<p>Talkooporukan lis\u00e4ksi torilla\u00a0kulkee ihmisi\u00e4 tuomassa ja viem\u00e4ss\u00e4 kirjekuoria \u00a0joulupuuhun. Se kuusipuu edustaa Suntion organisoimaa Rakennetaan joulupuu-ker\u00e4yst\u00e4 ja n\u00e4ytt\u00e4\u00e4 silt\u00e4, ett\u00e4 se on oikein hyvin l\u00e4htenyt liikkeelle. T\u00e4n\u00e4 jouluna jokainen \u00a0tuntuu olevan mukana omalla panoksellaan ja voimavaroillaan.<\/p>\n<p>Ilmassa on vahvaa odotuksen ja valmistautumisen tuntua. Toisinaan se on aivan k\u00e4sin kosketeltavaa.<\/p>\n<figure id=\"attachment_9428\" aria-describedby=\"caption-attachment-9428\" style=\"width: 640px\" class=\"wp-caption aligncenter\"><img loading=\"lazy\" decoding=\"async\" class=\"size-full wp-image-9428\" src=\"http:\/\/kinanen.fi\/wordpress\/wp-content\/uploads\/2015\/12\/11.12.-1.jpg\" alt=\"Rakennuskyltti\" width=\"640\" height=\"427\" \/><figcaption id=\"caption-attachment-9428\" class=\"wp-caption-text\">Rakennuskyltti<\/figcaption><\/figure>\n<p>P\u00e4iv\u00e4n aikana torin laitaan pystytet\u00e4\u00e4n iso kyltti kertomaan kaikille miksi aukoilla on niin paljon keskener\u00e4ist\u00e4 rakennusta. Viimeist\u00e4\u00e4n nyt saavat kaikki tietoonsa, ett\u00e4 odotettavissa on koko kyl\u00e4n yhteinen joulunajan kokoontumispaikka. Joulujuhlan lis\u00e4ksi torilla tapahtuu monenmoista mukavaa, kunhan saadaan kaikki kuntoon.<\/p>\n<p>Naulaus ja naputus jatkuu niin pitk\u00e4\u00e4n, kuin vain v\u00e4h\u00e4nkin valoa on olemassa.<\/p>\n<p>Illan pimetess\u00e4 Eevert viimein vet\u00e4ytyy kotiin. H\u00e4n juo viel\u00e4 kuuman kaakaon makuukamarissaan p\u00f6ntt\u00f6uunin\u00a0loimussa ja mietiskelee p\u00e4iv\u00e4n asioita. Joulunodotuksen valmistelu on joskus todellista tekemist\u00e4. Toisinaan se on syd\u00e4men suuntautumista\u00a0hyvyytt\u00e4 ja rakkautta kohden, tai sit\u00e4, ett\u00e4 on valmis ottamaan vastaan jotakin \u00e4\u00e4rett\u00f6m\u00e4n merkitt\u00e4v\u00e4\u00e4 el\u00e4m\u00e4ss\u00e4.<\/p>\n<figure id=\"attachment_7087\" aria-describedby=\"caption-attachment-7087\" style=\"width: 480px\" class=\"wp-caption aligncenter\"><img loading=\"lazy\" decoding=\"async\" class=\"size-full wp-image-7087\" src=\"http:\/\/kinanen.fi\/wordpress\/wp-content\/uploads\/2013\/10\/pontto.jpg\" alt=\"Tuli uunissa\" width=\"480\" height=\"640\" \/><figcaption id=\"caption-attachment-7087\" class=\"wp-caption-text\">Tuli uunissa<\/figcaption><\/figure>\n<p>Millaista valmistautumista sin\u00e4 huomaat ymp\u00e4rill\u00e4si? Mit\u00e4 mahtaa torilla tapahtua kun kojut ovat valmiina? Onko joulunajassa havaittavissa jotakin muuta, kuin mit\u00e4 muina vuoden aikoina?<\/p>\n<p>_______________________________________________<\/p>\n<p>Kalenterissa on omia askartelujani sek\u00e4 lukuisa m\u00e4\u00e4r\u00e4 eri nukkekotitaiteilijoiden taidokkaita t\u00f6it\u00e4. En erittele niit\u00e4 erikseen. Jos ja kun l\u00f6yd\u00e4t oman teoksesi kuvista, niin j\u00e4t\u00e4 siit\u00e4 viesti yhteiseksi iloksi.<\/p>\n<p>&nbsp;<\/p>\n","protected":false},"excerpt":{"rendered":"<p>Kotikyl\u00e4lle palattuaan Eevert huomaa, ett\u00e4 kyl\u00e4nmiehet ovat jo kokoontuneet torille. Mukana on jos jotakin ty\u00f6v\u00e4linett\u00e4 ja tarviketta. Aikaisemmin p\u00e4\u00e4tettiin miehiss\u00e4 rakentaa kaikkien yhteinen joulutapahtuma kyl\u00e4n torilla. Rakennust\u00f6iden aika on k\u00e4sill\u00e4. Eevert keittelee kotona kahvit termokseen ja ottaa v\u00e4h\u00e4n ev\u00e4st\u00e4 matkaan. S\u00e4\u00e4styyp\u00e4 sitten aikaa, kun ei tarvitse kotiin tulla keittelem\u00e4\u00e4n apetta v\u00e4lill\u00e4. Suunnitelmissa on rakentaa muutamia [&hellip;]<\/p>\n","protected":false},"author":1,"featured_media":0,"comment_status":"open","ping_status":"open","sticky":false,"template":"","format":"standard","meta":{"footnotes":""},"categories":[],"tags":[],"class_list":["post-9418","post","type-post","status-publish","format-standard","hentry"],"_links":{"self":[{"href":"https:\/\/www.kinanen.fi\/nukkekoti\/wp-json\/wp\/v2\/posts\/9418","targetHints":{"allow":["GET"]}}],"collection":[{"href":"https:\/\/www.kinanen.fi\/nukkekoti\/wp-json\/wp\/v2\/posts"}],"about":[{"href":"https:\/\/www.kinanen.fi\/nukkekoti\/wp-json\/wp\/v2\/types\/post"}],"author":[{"embeddable":true,"href":"https:\/\/www.kinanen.fi\/nukkekoti\/wp-json\/wp\/v2\/users\/1"}],"replies":[{"embeddable":true,"href":"https:\/\/www.kinanen.fi\/nukkekoti\/wp-json\/wp\/v2\/comments?post=9418"}],"version-history":[{"count":8,"href":"https:\/\/www.kinanen.fi\/nukkekoti\/wp-json\/wp\/v2\/posts\/9418\/revisions"}],"predecessor-version":[{"id":9674,"href":"https:\/\/www.kinanen.fi\/nukkekoti\/wp-json\/wp\/v2\/posts\/9418\/revisions\/9674"}],"wp:attachment":[{"href":"https:\/\/www.kinanen.fi\/nukkekoti\/wp-json\/wp\/v2\/media?parent=9418"}],"wp:term":[{"taxonomy":"category","embeddable":true,"href":"https:\/\/www.kinanen.fi\/nukkekoti\/wp-json\/wp\/v2\/categories?post=9418"},{"taxonomy":"post_tag","embeddable":true,"href":"https:\/\/www.kinanen.fi\/nukkekoti\/wp-json\/wp\/v2\/tags?post=9418"}],"curies":[{"name":"wp","href":"https:\/\/api.w.org\/{rel}","templated":true}]}}