{"id":9432,"date":"2015-12-12T00:15:49","date_gmt":"2015-12-11T22:15:49","guid":{"rendered":"http:\/\/kinanen.fi\/wordpress\/?p=9432"},"modified":"2015-12-11T19:40:15","modified_gmt":"2015-12-11T17:40:15","slug":"12-12-4","status":"publish","type":"post","link":"https:\/\/www.kinanen.fi\/nukkekoti\/12-12-4\/","title":{"rendered":"12.12."},"content":{"rendered":"<p>Lauantaiaamu aukenee kirkkaana ja kauniina. Eevert kiskottelee ja venyttelee heti her\u00e4tty\u00e4\u00e4n oikein kunnolla. Eilisen talkooty\u00f6n j\u00e4ljet tuntuvat kehossa mukavana kirisityksen\u00e4. Se on jotakin ihan muuta kuin vanhuuden kolotukset. Sellaista tervett\u00e4 tunnetta, tuumailee Eevert.<\/p>\n<figure id=\"attachment_5700\" aria-describedby=\"caption-attachment-5700\" style=\"width: 640px\" class=\"wp-caption aligncenter\"><img fetchpriority=\"high\" decoding=\"async\" class=\"size-full wp-image-5700\" src=\"http:\/\/kinanen.fi\/wordpress\/wp-content\/uploads\/2012\/11\/12.12f.jpg\" alt=\"Aamuposti\" width=\"640\" height=\"480\" \/><figcaption id=\"caption-attachment-5700\" class=\"wp-caption-text\">Aamuposti<\/figcaption><\/figure>\n<p>Viimeisen aamukahvikupposen mies lukee salin tuolilla paikallislehte\u00e4 lukien. Katsos vaan! T\u00e4n\u00e4\u00e4n kyl\u00e4lle tulee kirjastoauto. \u00a0Ja n\u00e4ytt\u00e4\u00e4 olevan viimeinen vuoro t\u00e4n\u00e4 vuonna. Vanhat lukemiset onkin jo luettu, joten on varmasti parasta k\u00e4yd\u00e4 hakemassa lis\u00e4\u00e4 lukemista.<\/p>\n<p>On se vain hyv\u00e4 asia, ett\u00e4 kirjasto tulee t\u00e4nne kotikyl\u00e4\u00e4n. Isolla kirkolla sellainen toki on, mutta harvemmin tulee sinne l\u00e4hdetty\u00e4, ajattelee Eevert \u00e4\u00e4neen. Pikku-koira Tenho kallistelee p\u00e4\u00e4t\u00e4\u00e4n puolelta toiselle aivan kuin ymm\u00e4rt\u00e4\u00e4kseen Eevertin h\u00f6pin\u00e4t.<\/p>\n<p>Kirjastoauton tuloon on viel\u00e4 aikaa. Sen Eevert p\u00e4\u00e4tt\u00e4\u00e4 k\u00e4ytt\u00e4\u00e4 ihan kotinurkissa. Viimep\u00e4iv\u00e4t ovat kuluneet monenmoisessa muussa mukavassa, joten t\u00e4n\u00e4\u00e4n ihan kotit\u00f6it\u00e4.<\/p>\n<p>Eteisen kaapissa on varmasti laatikoittain joulukoristeita, siisp\u00e4 sinne suuntaa mies toiveikkaana.<\/p>\n<figure id=\"attachment_9446\" aria-describedby=\"caption-attachment-9446\" style=\"width: 480px\" class=\"wp-caption aligncenter\"><img decoding=\"async\" class=\"size-full wp-image-9446\" src=\"http:\/\/kinanen.fi\/wordpress\/wp-content\/uploads\/2015\/12\/12.12.-11.jpg\" alt=\"Eteisen l\u00f6yt\u00f6j\u00e4\" width=\"480\" height=\"640\" \/><figcaption id=\"caption-attachment-9446\" class=\"wp-caption-text\">Eteisen l\u00f6yt\u00f6j\u00e4<\/figcaption><\/figure>\n<p>Oi, t\u00e4\u00e4ll\u00e4 on joululinnut! Aikanaan kansakoulussa niit\u00e4 tehtiin ja tuotiin kotiin ilahduttamaan perhett\u00e4.<\/p>\n<p>Ensiksi Eevert kaivaa esille ovikranssin ja asettaa sen ulko-oveen. Sis\u00e4lle taloon voi jo laittaa v\u00e4h\u00e4n joulun tunnelmaa. Erilaisia joulukoristeita ja kuvia on Taavitsaisen talossa jo useammalta sukupolvelta. Riitt\u00e4\u00e4 vain, ett\u00e4 valitsee sopivia. Vaa se on toisinaan kovin vaikeaa! Ne kaikki ovat niin mukavia ja her\u00e4tt\u00e4v\u00e4t muistoja.<\/p>\n<figure id=\"attachment_9445\" aria-describedby=\"caption-attachment-9445\" style=\"width: 480px\" class=\"wp-caption aligncenter\"><img decoding=\"async\" class=\"size-full wp-image-9445\" src=\"http:\/\/kinanen.fi\/wordpress\/wp-content\/uploads\/2015\/12\/12.12.-1-4.jpg\" alt=\"Ovikoriste\" width=\"480\" height=\"640\" \/><figcaption id=\"caption-attachment-9445\" class=\"wp-caption-text\">Ovikoriste<\/figcaption><\/figure>\n<p>Jostakin eteisen kaapin k\u00e4tk\u00f6ist\u00e4 l\u00f6ytyi laatikko, joka vaikutti vieraalta. Eevert avasi laatikon ja huomasi, ett\u00e4 siell\u00e4 ei ole joulutavaroita. Mit\u00e4 lie papereita ja mainoksia. Laatikko saa j\u00e4\u00e4d\u00e4 t\u00e4ll\u00e4 kertaa huomiotta, sill\u00e4 Eevert rient\u00e4\u00e4 laittamaan koristuksia n\u00e4kyville.<\/p>\n<figure id=\"attachment_9442\" aria-describedby=\"caption-attachment-9442\" style=\"width: 480px\" class=\"wp-caption aligncenter\"><img loading=\"lazy\" decoding=\"async\" class=\"size-full wp-image-9442\" src=\"http:\/\/kinanen.fi\/wordpress\/wp-content\/uploads\/2015\/12\/12.12.-1-11.jpg\" alt=\"Joululinnut\" width=\"480\" height=\"640\" \/><figcaption id=\"caption-attachment-9442\" class=\"wp-caption-text\">Joululinnut<\/figcaption><\/figure>\n<p>Kirjastoauto on jo tulossa ja Eevert suuntaa kyl\u00e4talolle hyviss\u00e4 ajoin. Kyl\u00e4talo on vanha kansakoulu, jonka pihaan hyvin mahtuu iso auto parkkiin siksi aikaa kun kyl\u00e4n v\u00e4ki k\u00e4y vaihtamassa lukemistonsa.<\/p>\n<p>Eevert palauttaa luetut kirjat ja siirtyy valitsemaan uutta lukemista. Valinnanvaraa on niin paljon, ett\u00e4 ei oikein tied\u00e4 mit\u00e4 ottaisi. Kiinnostava kirjasarja l\u00f6ytyykin. Hieman Eevert vilkuilee ymp\u00e4rilleen, olisiko muita lainaajia l\u00e4hipiiriss\u00e4. Nopeasti h\u00e4n poimii pari kirjaa syliins\u00e4.<\/p>\n<p>Er\u00e4s kyl\u00e4l\u00e4inen l\u00e4hestyy Eeverti\u00e4 m\u00e4\u00e4r\u00e4tietoisesti jo kauempaa tervehtien. Eevert l\u00e4hes s\u00e4ik\u00e4ht\u00e4\u00e4 ja h\u00e4t\u00e4p\u00e4iss\u00e4\u00e4n tempaisee hyllyst\u00e4 viel\u00e4 yhden kirjan edellisten p\u00e4\u00e4lle.<\/p>\n<figure id=\"attachment_9443\" aria-describedby=\"caption-attachment-9443\" style=\"width: 480px\" class=\"wp-caption aligncenter\"><img loading=\"lazy\" decoding=\"async\" class=\"size-full wp-image-9443\" src=\"http:\/\/kinanen.fi\/wordpress\/wp-content\/uploads\/2015\/12\/12.12.-1-21.jpg\" alt=\"Kirjat\" width=\"480\" height=\"640\" \/><figcaption id=\"caption-attachment-9443\" class=\"wp-caption-text\">Kirjat<\/figcaption><\/figure>\n<p>Kuulumiset vaihdetaan ja erotessa kyl\u00e4l\u00e4inen huomaa Eevertin kirjat ja sanoo: Min\u00e4kin pid\u00e4n vanhoista klassikoista. Ne ne ovat todellista kirjallisuuden aatelia!<\/p>\n<p>Eevert valitsee viel\u00e4 joitakin jo nuoruudesta tuttuja sarjakuvakirjoja ja siirtyy lainauskoneelle. Kaikki ne nykyisin ovat koneiden varassa. Eevertille lainauskoneen k\u00e4ytt\u00e4minen on helppoa ja sujuvaa. N\u00e4in s\u00e4\u00e4styy kirjastoautonhoitajalle aikaa rupatella k\u00e4vij\u00f6iden kanssa. Monet uutiset ja kuulumiset tulee kylien v\u00e4lill\u00e4 p\u00e4ivitetty\u00e4 auton k\u00e4ynnin yhteydess\u00e4.<\/p>\n<p>Ovat n\u00e4m\u00e4 koneet vaan monesti ihan tarpeellisia vekottimia.<\/p>\n<figure id=\"attachment_9444\" aria-describedby=\"caption-attachment-9444\" style=\"width: 480px\" class=\"wp-caption aligncenter\"><img loading=\"lazy\" decoding=\"async\" class=\"size-full wp-image-9444\" src=\"http:\/\/kinanen.fi\/wordpress\/wp-content\/uploads\/2015\/12\/12.12.-1-31.jpg\" alt=\"Kirjastoauton tuomiset\" width=\"480\" height=\"640\" \/><figcaption id=\"caption-attachment-9444\" class=\"wp-caption-text\">Kirjastoauton tuomiset<\/figcaption><\/figure>\n<p>Kotona Eevert latoo kirjat p\u00f6yd\u00e4lle ja tarkastelee l\u00f6yt\u00f6j\u00e4\u00e4n. No, niit\u00e4 klassikoitapa hyvinkin, naurahtaa Eevert jo itselleen ja huomaa h\u00e4t\u00e4p\u00e4iss\u00e4\u00e4n kirjapinon p\u00e4\u00e4lle napatun Sodan ja Rauhan tulleen\u00a0my\u00f6s kotiin asti. Ehk\u00e4p\u00e4 se tulee my\u00f6s luettua joulunpyhien aikana.<\/p>\n<p>Mit\u00e4 mahtaa olla eteiseen hyl\u00e4tyss\u00e4 laatikossa? Millaista kirjallisuutta olisi ylip\u00e4\u00e4t\u00e4\u00e4n mukava\u00a0lukea? Ja miksi ihmeess\u00e4 Eevert h\u00e4t\u00e4\u00e4ntyi kirjastoautossa?<\/p>\n<p>_______________________________________________<\/p>\n<p>Kalenterissa on omia askartelujani sek\u00e4 lukuisa m\u00e4\u00e4r\u00e4 eri nukkekotitaiteilijoiden taidokkaita t\u00f6it\u00e4. En erittele niit\u00e4 erikseen. Jos ja kun l\u00f6yd\u00e4t oman teoksesi kuvista, niin j\u00e4t\u00e4 siit\u00e4 viesti yhteiseksi iloksi.<\/p>\n<p>&nbsp;<\/p>\n","protected":false},"excerpt":{"rendered":"<p>Lauantaiaamu aukenee kirkkaana ja kauniina. Eevert kiskottelee ja venyttelee heti her\u00e4tty\u00e4\u00e4n oikein kunnolla. Eilisen talkooty\u00f6n j\u00e4ljet tuntuvat kehossa mukavana kirisityksen\u00e4. Se on jotakin ihan muuta kuin vanhuuden kolotukset. Sellaista tervett\u00e4 tunnetta, tuumailee Eevert. Viimeisen aamukahvikupposen mies lukee salin tuolilla paikallislehte\u00e4 lukien. Katsos vaan! T\u00e4n\u00e4\u00e4n kyl\u00e4lle tulee kirjastoauto. \u00a0Ja n\u00e4ytt\u00e4\u00e4 olevan viimeinen vuoro t\u00e4n\u00e4 vuonna. Vanhat [&hellip;]<\/p>\n","protected":false},"author":1,"featured_media":0,"comment_status":"open","ping_status":"open","sticky":false,"template":"","format":"standard","meta":{"footnotes":""},"categories":[],"tags":[],"class_list":["post-9432","post","type-post","status-publish","format-standard","hentry"],"_links":{"self":[{"href":"https:\/\/www.kinanen.fi\/nukkekoti\/wp-json\/wp\/v2\/posts\/9432","targetHints":{"allow":["GET"]}}],"collection":[{"href":"https:\/\/www.kinanen.fi\/nukkekoti\/wp-json\/wp\/v2\/posts"}],"about":[{"href":"https:\/\/www.kinanen.fi\/nukkekoti\/wp-json\/wp\/v2\/types\/post"}],"author":[{"embeddable":true,"href":"https:\/\/www.kinanen.fi\/nukkekoti\/wp-json\/wp\/v2\/users\/1"}],"replies":[{"embeddable":true,"href":"https:\/\/www.kinanen.fi\/nukkekoti\/wp-json\/wp\/v2\/comments?post=9432"}],"version-history":[{"count":8,"href":"https:\/\/www.kinanen.fi\/nukkekoti\/wp-json\/wp\/v2\/posts\/9432\/revisions"}],"predecessor-version":[{"id":9675,"href":"https:\/\/www.kinanen.fi\/nukkekoti\/wp-json\/wp\/v2\/posts\/9432\/revisions\/9675"}],"wp:attachment":[{"href":"https:\/\/www.kinanen.fi\/nukkekoti\/wp-json\/wp\/v2\/media?parent=9432"}],"wp:term":[{"taxonomy":"category","embeddable":true,"href":"https:\/\/www.kinanen.fi\/nukkekoti\/wp-json\/wp\/v2\/categories?post=9432"},{"taxonomy":"post_tag","embeddable":true,"href":"https:\/\/www.kinanen.fi\/nukkekoti\/wp-json\/wp\/v2\/tags?post=9432"}],"curies":[{"name":"wp","href":"https:\/\/api.w.org\/{rel}","templated":true}]}}