{"id":9451,"date":"2015-12-14T00:15:19","date_gmt":"2015-12-13T22:15:19","guid":{"rendered":"http:\/\/kinanen.fi\/wordpress\/?p=9451"},"modified":"2015-12-13T23:07:13","modified_gmt":"2015-12-13T21:07:13","slug":"14-12-3","status":"publish","type":"post","link":"https:\/\/www.kinanen.fi\/nukkekoti\/14-12-3\/","title":{"rendered":"14.12."},"content":{"rendered":"<p>Huomenta kaikille, toivottaa Eevert heti her\u00e4tty\u00e4\u00e4n. Koira ja kissa ovat tulleet makuukamariin saakka tarkkailemaan miehen unta. Ehk\u00e4 ne jo kaipasivat aamiaistaan, sill\u00e4 kello on jo hyvin paljon heid\u00e4n mielest\u00e4\u00e4n.<\/p>\n<figure id=\"attachment_9457\" aria-describedby=\"caption-attachment-9457\" style=\"width: 427px\" class=\"wp-caption aligncenter\"><img fetchpriority=\"high\" decoding=\"async\" class=\"size-full wp-image-9457\" src=\"http:\/\/kinanen.fi\/wordpress\/wp-content\/uploads\/2015\/12\/14.12.-1-3.jpg\" alt=\"Aamukulkue\" width=\"427\" height=\"640\" \/><figcaption id=\"caption-attachment-9457\" class=\"wp-caption-text\">Aamukulkue<\/figcaption><\/figure>\n<p>Eevert nousee yl\u00f6s ja ryhtyy tavanomaiseen tapaansa kahvinkeittoon. Ihminen, niinkuin el\u00e4imetkin tarvitsevat rutiineja. Ne tuovat turvallisuutta el\u00e4m\u00e4\u00e4n, vaikka saattaisivat joskus tuntua kurjilta. El\u00e4m\u00e4ss\u00e4 on rytmi\u00e4 vauvasta vaariin. Aamulla her\u00e4t\u00e4\u00e4n ja illalla menn\u00e4\u00e4n nukkumaan. Ruoka-ajat ovat usein suurinpiirtein samoihin aikoihin ja p\u00e4iv\u00e4n kulku seuraa jotakin rytmi\u00e4. Aikuisilla se on ty\u00f6n ja vapaa-ajan rytmi ja p\u00e4iv\u00e4koti- ja koululaisilla sitten oma rytmins\u00e4 joka on yhteydess\u00e4 aikuisten rutiineihin.<\/p>\n<p>Tai oikeastaan el\u00e4m\u00e4nrytmi taitaakin olla koululaisten rytmi, sill\u00e4 se vaikuttaa aikuisten loma- ja muihin aikoihin aika paljon.<\/p>\n<p>No, onpas t\u00e4n\u00e4 aamuna rytmi\u00e4, naureskelee mies itsekseen ja huomaa toistavansa aamutoimet aina samassa j\u00e4rjestyksess\u00e4.<\/p>\n<p>Aamulehte\u00e4 hakiessaan Eevert kompastuu eteisess\u00e4 lojuvaan laatikkoon. Onneksi ei sent\u00e4\u00e4n kaadu, mutta melkoista rymin\u00e4\u00e4 sielt\u00e4 kuuluu.<\/p>\n<figure id=\"attachment_9458\" aria-describedby=\"caption-attachment-9458\" style=\"width: 480px\" class=\"wp-caption aligncenter\"><img decoding=\"async\" class=\"size-full wp-image-9458\" src=\"http:\/\/kinanen.fi\/wordpress\/wp-content\/uploads\/2015\/12\/14.12.-1.jpg\" alt=\"Kumma laatikko\" width=\"480\" height=\"640\" \/><figcaption id=\"caption-attachment-9458\" class=\"wp-caption-text\">Kumma laatikko<\/figcaption><\/figure>\n<p>Niin, tuo laatikko. Sek\u00e4\u00e4n ei varmasti hoidu pois, jos itse ei asiaan ryhdy, tuumaa mies ja p\u00e4\u00e4tt\u00e4\u00e4 hoitaa sen heti aamukahvin j\u00e4lkeen.<\/p>\n<p>Laatikossa on vanhoja lehti\u00e4 ja esitteit\u00e4. Vanhoja mainoksia on mukava lukea. Niin moni asia on muuttunut el\u00e4m\u00e4ss\u00e4.<\/p>\n<p>Laatikon pohjalla on muutamia kirjoja. Mit\u00e4s n\u00e4m\u00e4 ovat, mutisee mies syventyneen\u00e4 l\u00f6yt\u00f6\u00f6ns\u00e4. Vanhoja aikataulukirjoja! N\u00e4iden mukaan junat ja linja-autot ajoivat. On niit\u00e4 aikatauluja nykyisinkin, vaan harvemmin n\u00e4in painettuina.<\/p>\n<p>Ennenaikaan lomia vietettiin paljon koti-Suomessa ja tehtiin rengasmatkoja. N\u00e4ihin oli valmiiksi koottu ehdotuksia aikataulutietoineen. Hyv\u00e4\u00e4 palvelua sellainen!<\/p>\n<p>Omatoimisilla rengasmatkoilla\u00a0Eevert on lapsuudessaan reissannut\u00a0joka kes\u00e4. Matkustettiin junalla, linja-autolla ja sis\u00e4vesilaivalla ja asuttiin leirint\u00e4alueella sopukupoliteltassa. Oli se vaan aika raijaamista siihen aikaan kun ei ollut omaa autoa kuljettamassa tavaroita.<\/p>\n<figure id=\"attachment_9456\" aria-describedby=\"caption-attachment-9456\" style=\"width: 480px\" class=\"wp-caption aligncenter\"><img decoding=\"async\" class=\"size-full wp-image-9456\" src=\"http:\/\/kinanen.fi\/wordpress\/wp-content\/uploads\/2015\/12\/14.12.-1-2.jpg\" alt=\"Laatikon sis\u00e4lt\u00f6\u00e4\" width=\"480\" height=\"640\" \/><figcaption id=\"caption-attachment-9456\" class=\"wp-caption-text\">Laatikon sis\u00e4lt\u00f6\u00e4<\/figcaption><\/figure>\n<p>Laatikon pohjalla on kartta. Se on junakartta &#8211; Turistin, sen aikataulukirjan &#8211; v\u00e4list\u00e4. Siihen on joku tehnyt merkint\u00f6j\u00e4 ja suunnitellut matkaa. Alleviivauksista n\u00e4kee minne on oltu menossa: Tampere, Piippola, Lohja, Pieks\u00e4m\u00e4ki, Rovaniemi, Kolari, Porvoo, Vaajakoski, Jyv\u00e4skyl\u00e4, Turku ja mit\u00e4 kaikkea muuta.<\/p>\n<p>Ja monet linnat tulivat tutuksi niill\u00e4 reissuilla. Ainakin Turussa, H\u00e4meenlinnassa ja Savonlinnassa. J\u00e4nnitt\u00e4vi\u00e4 paikkoja pienelle pojalle.<\/p>\n<p>Pieni\u00e4 reijitettyj\u00e4 pahvinpaloja on laatikossa kokonainen nippu. Piletit olivat ennenaikaa vahvaa pahvia ja niihin konnari nipisti reij\u00e4n sit\u00e4 mukaa kun matka eteni. Oli yksitt\u00e4isi\u00e4 lippuja joillekin rataosuuksille. Lis\u00e4ksi\u00a0l\u00f6ytyi rengasmatka-lippuja, joissa oli useampi m\u00e4\u00e4r\u00e4np\u00e4\u00e4 valmiiksi merkittyn\u00e4.<\/p>\n<figure id=\"attachment_9461\" aria-describedby=\"caption-attachment-9461\" style=\"width: 640px\" class=\"wp-caption aligncenter\"><img loading=\"lazy\" decoding=\"async\" class=\"size-full wp-image-9461\" src=\"http:\/\/kinanen.fi\/wordpress\/wp-content\/uploads\/2015\/12\/Rengasmatkat-3-1.jpg\" alt=\"Lomalaiset\" width=\"640\" height=\"638\" \/><figcaption id=\"caption-attachment-9461\" class=\"wp-caption-text\">Lomalaiset vm. 1970<\/figcaption><\/figure>\n<p>Matkakirjojen ja lippujen lis\u00e4ksi l\u00f6ytyi muutama vanha valokuva. Niiss\u00e4 komeili tuttuja henkil\u00f6it\u00e4 perheest\u00e4. Voi sent\u00e4\u00e4n, tuokin serkkulikka noin nuorena sis\u00e4vesilaivan kapteenin vierell\u00e4 poseeraamassa!<\/p>\n<figure id=\"attachment_9462\" aria-describedby=\"caption-attachment-9462\" style=\"width: 640px\" class=\"wp-caption aligncenter\"><img loading=\"lazy\" decoding=\"async\" class=\"size-full wp-image-9462\" src=\"http:\/\/kinanen.fi\/wordpress\/wp-content\/uploads\/2015\/12\/Rengasmatkat-4-1.jpg\" alt=\"Serkkulikka\" width=\"640\" height=\"633\" \/><figcaption id=\"caption-attachment-9462\" class=\"wp-caption-text\">Serkkulikka<\/figcaption><\/figure>\n<p>Pian Eevert uppoaa muistojen matkalle. Telttailemaan, onkimaan, sukuloimaan jne.<\/p>\n<figure id=\"attachment_9459\" aria-describedby=\"caption-attachment-9459\" style=\"width: 635px\" class=\"wp-caption aligncenter\"><img loading=\"lazy\" decoding=\"async\" class=\"size-full wp-image-9459\" src=\"http:\/\/kinanen.fi\/wordpress\/wp-content\/uploads\/2015\/12\/Rengasmatkat-1-1.jpg\" alt=\"Onkireissu ja sopukupoli\" width=\"635\" height=\"640\" \/><figcaption id=\"caption-attachment-9459\" class=\"wp-caption-text\">Onkireissu ja sopukupoli<\/figcaption><\/figure>\n<p>Aika kuluu kuin huomaamatta. Mielikuvissaan h\u00e4n kuulee junan py\u00f6rien tasaisen kolinan ja sen rauhoittavan rytmin. Monet kerrat h\u00e4n muistaa nukahtaneensa Aku Ankan Kes\u00e4karuselli syliss\u00e4. Aku Ankan kes\u00e4lukemiston sai aina kun l\u00e4hdettiin lomareissulle. Sen kanssa kului hyvin aika pitkill\u00e4kin matkoilla.<\/p>\n<figure id=\"attachment_9460\" aria-describedby=\"caption-attachment-9460\" style=\"width: 640px\" class=\"wp-caption aligncenter\"><img loading=\"lazy\" decoding=\"async\" class=\"size-full wp-image-9460\" src=\"http:\/\/kinanen.fi\/wordpress\/wp-content\/uploads\/2015\/12\/Rengasmatkat-2-1.jpg\" alt=\"Rengasmatkalaiset\" width=\"640\" height=\"637\" \/><figcaption id=\"caption-attachment-9460\" class=\"wp-caption-text\">Rengasmatkalaiset<\/figcaption><\/figure>\n<p>Illan tullen Eevert j\u00e4tt\u00e4\u00e4 aarteensa ja p\u00e4\u00e4tt\u00e4\u00e4, ett\u00e4 ne talletetaan edelleen. Unissaan Eevert viel\u00e4 seikkailee lapsuuslomillaan eripuolilla Suomea.<\/p>\n<p>Millaista rytmi\u00e4 tunnistat omassa el\u00e4m\u00e4ss\u00e4si? Mik\u00e4 on parasta lomalukemista? Ent\u00e4 millaisen lomamuisto sinulle palaa t\u00e4n\u00e4\u00e4n mieleen?<\/p>\n<p>_____________________________________________________<\/p>\n<p>Kalenterissa on omia askartelujani sek\u00e4 lukuisa m\u00e4\u00e4r\u00e4 eri nukkekotitaiteilijoiden taidokkaita t\u00f6it\u00e4. En erittele niit\u00e4 erikseen. Jos ja kun l\u00f6yd\u00e4t oman teoksesi kuvista, niin j\u00e4t\u00e4 siit\u00e4 viesti yhteiseksi iloksi.<\/p>\n","protected":false},"excerpt":{"rendered":"<p>Huomenta kaikille, toivottaa Eevert heti her\u00e4tty\u00e4\u00e4n. Koira ja kissa ovat tulleet makuukamariin saakka tarkkailemaan miehen unta. Ehk\u00e4 ne jo kaipasivat aamiaistaan, sill\u00e4 kello on jo hyvin paljon heid\u00e4n mielest\u00e4\u00e4n. Eevert nousee yl\u00f6s ja ryhtyy tavanomaiseen tapaansa kahvinkeittoon. Ihminen, niinkuin el\u00e4imetkin tarvitsevat rutiineja. Ne tuovat turvallisuutta el\u00e4m\u00e4\u00e4n, vaikka saattaisivat joskus tuntua kurjilta. El\u00e4m\u00e4ss\u00e4 on rytmi\u00e4 vauvasta [&hellip;]<\/p>\n","protected":false},"author":1,"featured_media":0,"comment_status":"open","ping_status":"open","sticky":false,"template":"","format":"standard","meta":{"footnotes":""},"categories":[],"tags":[],"class_list":["post-9451","post","type-post","status-publish","format-standard","hentry"],"_links":{"self":[{"href":"https:\/\/www.kinanen.fi\/nukkekoti\/wp-json\/wp\/v2\/posts\/9451","targetHints":{"allow":["GET"]}}],"collection":[{"href":"https:\/\/www.kinanen.fi\/nukkekoti\/wp-json\/wp\/v2\/posts"}],"about":[{"href":"https:\/\/www.kinanen.fi\/nukkekoti\/wp-json\/wp\/v2\/types\/post"}],"author":[{"embeddable":true,"href":"https:\/\/www.kinanen.fi\/nukkekoti\/wp-json\/wp\/v2\/users\/1"}],"replies":[{"embeddable":true,"href":"https:\/\/www.kinanen.fi\/nukkekoti\/wp-json\/wp\/v2\/comments?post=9451"}],"version-history":[{"count":9,"href":"https:\/\/www.kinanen.fi\/nukkekoti\/wp-json\/wp\/v2\/posts\/9451\/revisions"}],"predecessor-version":[{"id":9680,"href":"https:\/\/www.kinanen.fi\/nukkekoti\/wp-json\/wp\/v2\/posts\/9451\/revisions\/9680"}],"wp:attachment":[{"href":"https:\/\/www.kinanen.fi\/nukkekoti\/wp-json\/wp\/v2\/media?parent=9451"}],"wp:term":[{"taxonomy":"category","embeddable":true,"href":"https:\/\/www.kinanen.fi\/nukkekoti\/wp-json\/wp\/v2\/categories?post=9451"},{"taxonomy":"post_tag","embeddable":true,"href":"https:\/\/www.kinanen.fi\/nukkekoti\/wp-json\/wp\/v2\/tags?post=9451"}],"curies":[{"name":"wp","href":"https:\/\/api.w.org\/{rel}","templated":true}]}}