{"id":9467,"date":"2015-12-15T00:15:12","date_gmt":"2015-12-14T22:15:12","guid":{"rendered":"http:\/\/kinanen.fi\/wordpress\/?p=9467"},"modified":"2015-12-14T21:04:20","modified_gmt":"2015-12-14T19:04:20","slug":"15-12-3","status":"publish","type":"post","link":"https:\/\/www.kinanen.fi\/nukkekoti\/15-12-3\/","title":{"rendered":"15.12."},"content":{"rendered":"<p>Se on joulukuu jo puolessa, huomaa Eevert tutkiessaan kalenteriaan. \u00a0 Niin se vaan aika juoksee kun on kaikenlaista touhua p\u00e4ivitt\u00e4in.<\/p>\n<p>Eevert ajatteli aikanaan, kun merihommista j\u00e4i el\u00e4kkeelle, ett\u00e4 silloin voi j\u00e4tt\u00e4\u00e4 touhut ja kiireet kokonaan taka-alalle ja asustella vain kaikessa rauhassa vanhassa sukutalossaan. Se taisi olla yksi suurimmista harhoistani, toteaa Eevert.<\/p>\n<figure id=\"attachment_8327\" aria-describedby=\"caption-attachment-8327\" style=\"width: 480px\" class=\"wp-caption aligncenter\"><img fetchpriority=\"high\" decoding=\"async\" class=\"size-full wp-image-8327\" src=\"http:\/\/kinanen.fi\/wordpress\/wp-content\/uploads\/2014\/11\/IMG_6697.jpg\" alt=\"Kalenteri\" width=\"480\" height=\"640\" \/><figcaption id=\"caption-attachment-8327\" class=\"wp-caption-text\">Kalenteri<\/figcaption><\/figure>\n<p>Pian asettumisensa j\u00e4lkeen mies oli jo kiinnitetty yhteen jos toiseen t\u00e4rke\u00e4\u00e4n asiaan. Puuhamiest\u00e4 jos tarvittiin, niin Eevert oli oikein kysytty kaveri. Ja mielikseenh\u00e4n mies tekee ja toimii. Ei taitaisi edes osata olla tekem\u00e4tt\u00e4, eik\u00e4 varsinkaan auttamatta jos huomaa jossakin avuntarvetta olevan.<\/p>\n<figure id=\"attachment_6958\" aria-describedby=\"caption-attachment-6958\" style=\"width: 640px\" class=\"wp-caption aligncenter\"><img decoding=\"async\" class=\"size-full wp-image-6958\" src=\"http:\/\/kinanen.fi\/wordpress\/wp-content\/uploads\/2013\/10\/5.12g.jpg\" alt=\"Salissa seuraa vailla\" width=\"640\" height=\"536\" \/><figcaption id=\"caption-attachment-6958\" class=\"wp-caption-text\">Salissa seuraa vailla<\/figcaption><\/figure>\n<p>Ovelta kuuluu kolinaa.\u00a0Suntio kopistelee lumisia saappaitaan porstuassa ja tulee viimein Eevertin seuraan salin puolelle. Siin\u00e4 he hetken vaihtavat kuulumisia &#8211; on lunta satanut ja oli komea iltarusko eilen ja mitenk\u00e4h\u00e4n ne torin rakennushankkeet edistyv\u00e4t ja paljon muuta t\u00e4rke\u00e4\u00e4.<\/p>\n<p>Viimein Suntio saa esitetty\u00e4 asiansa.<\/p>\n<p>Vanhalle kansakoululle\u00a0on tullut pakolaisia. Monta perhett\u00e4 on p\u00e4\u00e4ssyt sinne asumaan. Huoneita siell\u00e4 on vaikka muille jakaa, mutta kaikkea muuta el\u00e4miseen liittyv\u00e4\u00e4 kampetta puuttuu. Pit\u00e4isi saada ker\u00e4ys k\u00e4yntiin. N\u00e4ill\u00e4kulmilla kun taloja on harvakseltaan, niin tieto ei kovin nopeasti kulje. Pit\u00e4isi kiert\u00e4\u00e4 talosta taloon ja pyyt\u00e4\u00e4 kaikkea mahdollista kattiloista ja kapustoista vauvanvaippoihin. \u00a0Suntio kun ei mill\u00e4\u00e4n enn\u00e4t\u00e4 kaikkia taloja yksin kiert\u00e4\u00e4, niin h\u00e4n ajatteli pyyt\u00e4\u00e4 Eeverti\u00e4 apuun.<\/p>\n<figure id=\"attachment_9477\" aria-describedby=\"caption-attachment-9477\" style=\"width: 464px\" class=\"wp-caption aligncenter\"><img decoding=\"async\" class=\"size-full wp-image-9477\" src=\"http:\/\/kinanen.fi\/wordpress\/wp-content\/uploads\/2015\/12\/15.12.-1-4.jpg\" alt=\"Eevert kuuntelee\" width=\"464\" height=\"366\" \/><figcaption id=\"caption-attachment-9477\" class=\"wp-caption-text\">Eevert kuuntelee<\/figcaption><\/figure>\n<p>Eevert kuuntelee tarkkaavaisesti ja tottakai h\u00e4n l\u00e4htee Suntion kanssa liikkeelle n\u00e4in hyv\u00e4n asian puolesta. Miehet laativat suunnitelman, jonka mukaan saa kierretyksi kaikki kyl\u00e4n talot parissa p\u00e4iv\u00e4ss\u00e4. Lis\u00e4ksi he p\u00e4\u00e4tt\u00e4v\u00e4t tehd\u00e4 ilmoituksen torille ja vanhalle kaupalle hankkeesta. Torille\u00a0voi sitten sinne kuusen juurelle tuoda\u00a0pakolaisillekin tarkoitetut paketit. Ne voisi sitten illalla kuljettaa koululle ja jakaa perheille. Samalla voisi kysell\u00e4 mit\u00e4 erityisesti siell\u00e4 tarvittaisiin.<\/p>\n<p>Tuumasta toimeen. Kaksikko varustautuu kumpikin isolla kelkalla ja l\u00e4htee matkaan.<\/p>\n<figure id=\"attachment_3943\" aria-describedby=\"caption-attachment-3943\" style=\"width: 640px\" class=\"wp-caption aligncenter\"><img loading=\"lazy\" decoding=\"async\" class=\"size-full wp-image-3943\" src=\"http:\/\/kinanen.fi\/wordpress\/wp-content\/uploads\/2011\/11\/Kelkka.jpg\" alt=\"Vesikelkka\" width=\"640\" height=\"447\" \/><figcaption id=\"caption-attachment-3943\" class=\"wp-caption-text\">Vesikelkka valmiina l\u00e4ht\u00f6\u00f6n<\/figcaption><\/figure>\n<p>Ty\u00f6 on hidasta, koska samalla tulee p\u00e4ivitetty\u00e4 talojen kuulumiset, laskea\u00a0porsaat navetassa ja ihmetell\u00e4 is\u00e4nn\u00e4n komeaa sonnia, joka on maankuulu siitt\u00e4j\u00e4. Kahvia tulee juotua monta kupillista kierroksen aikana.<\/p>\n<p>Joka talosta l\u00f6ytyy my\u00f6s auttavaisia ja h\u00e4d\u00e4n ymm\u00e4rt\u00e4vi\u00e4 ihmisi\u00e4. Useampaan keitti\u00f6\u00f6n saadaan ruuanlaittov\u00e4lineet ja pyyheit\u00e4 sek\u00e4 lakanoita k\u00e4ytt\u00f6\u00f6n.<\/p>\n<p>P\u00e4iv\u00e4 alkaa jo h\u00e4m\u00e4rty\u00e4 kun kaksikko kohtaa toisensa Eevertin pihassa. Hyvinh\u00e4n me olemme saaneet tavaraa kootuksi ihastelevat miehet yhteen \u00e4\u00e4neen. Saattaapa jokunen liikutuksen kyynelkin vier\u00e4ht\u00e4\u00e4 siin\u00e4 molempien herrojen silm\u00e4kulmasta. Kierros on ollut merkitt\u00e4v\u00e4 molemmille.<\/p>\n<figure id=\"attachment_9478\" aria-describedby=\"caption-attachment-9478\" style=\"width: 406px\" class=\"wp-caption aligncenter\"><img loading=\"lazy\" decoding=\"async\" class=\"size-full wp-image-9478\" src=\"http:\/\/kinanen.fi\/wordpress\/wp-content\/uploads\/2015\/12\/15.12.-1.jpg\" alt=\"P\u00e4iv\u00e4n saalis\" width=\"406\" height=\"428\" \/><figcaption id=\"caption-attachment-9478\" class=\"wp-caption-text\">P\u00e4iv\u00e4n saalis<\/figcaption><\/figure>\n<p>Kai t\u00e4st\u00e4 nyt viel\u00e4 torin kautta l\u00e4hdet\u00e4\u00e4n sinne koululle tyhjent\u00e4m\u00e4\u00e4n kelkka, niin p\u00e4\u00e4st\u00e4\u00e4n viel\u00e4 ajoissa saunaan, sanoo Suntio.<\/p>\n<figure id=\"attachment_9479\" aria-describedby=\"caption-attachment-9479\" style=\"width: 640px\" class=\"wp-caption aligncenter\"><img loading=\"lazy\" decoding=\"async\" class=\"size-full wp-image-9479\" src=\"http:\/\/kinanen.fi\/wordpress\/wp-content\/uploads\/2015\/12\/15.12.-1-5.jpg\" alt=\"Torilla tapahtuu\" width=\"640\" height=\"480\" \/><figcaption id=\"caption-attachment-9479\" class=\"wp-caption-text\">Torilla tapahtuu<\/figcaption><\/figure>\n<p>Niinh\u00e4n miehet luulevat. Jo kaukaa he huomaavat, ett\u00e4 torilla on jotakin kovin kummallista. Ty\u00f6miehet ovat jo l\u00e4hteneet, mutta tasainen ihmisten virta kulkee torin poikki.<\/p>\n<p>Mit\u00e4 t\u00e4\u00e4ll\u00e4 tapahtuu? kysyy Eevert h\u00e4mm\u00e4styneen\u00e4.<\/p>\n<figure id=\"attachment_9472\" aria-describedby=\"caption-attachment-9472\" style=\"width: 640px\" class=\"wp-caption aligncenter\"><img loading=\"lazy\" decoding=\"async\" class=\"size-full wp-image-9472\" src=\"http:\/\/kinanen.fi\/wordpress\/wp-content\/uploads\/2015\/12\/15.12.-1-1.jpg\" alt=\"Lahjoituksia\" width=\"640\" height=\"480\" \/><figcaption id=\"caption-attachment-9472\" class=\"wp-caption-text\">Lahjoituksia<\/figcaption><\/figure>\n<p>P\u00e4\u00e4stess\u00e4\u00e4n kuusen luo he huomaavat, ett\u00e4 sinne on tullut paketteja moninkertainen m\u00e4\u00e4r\u00e4 verrattuna p\u00e4iv\u00e4n aikana ker\u00e4ttyihin tarvikkeisiin.<\/p>\n<figure id=\"attachment_9475\" aria-describedby=\"caption-attachment-9475\" style=\"width: 640px\" class=\"wp-caption aligncenter\"><img loading=\"lazy\" decoding=\"async\" class=\"size-full wp-image-9475\" src=\"http:\/\/kinanen.fi\/wordpress\/wp-content\/uploads\/2015\/12\/15.12.-1-2.jpg\" alt=\"Tarpeellisia tarvikkeita\" width=\"640\" height=\"480\" \/><figcaption id=\"caption-attachment-9475\" class=\"wp-caption-text\">Tarpeellisia tarvikkeita<\/figcaption><\/figure>\n<p>Ihmiset olivat tuoneet viel\u00e4 lis\u00e4\u00e4 kaikkea tarvittavaa.<\/p>\n<figure id=\"attachment_9476\" aria-describedby=\"caption-attachment-9476\" style=\"width: 640px\" class=\"wp-caption aligncenter\"><img loading=\"lazy\" decoding=\"async\" class=\"size-full wp-image-9476\" src=\"http:\/\/kinanen.fi\/wordpress\/wp-content\/uploads\/2015\/12\/15.12.-1-3.jpg\" alt=\"Lis\u00e4\u00e4 tavaraa\" width=\"640\" height=\"480\" \/><figcaption id=\"caption-attachment-9476\" class=\"wp-caption-text\">Lis\u00e4\u00e4 tavaraa<\/figcaption><\/figure>\n<p>Oli ruokaa, vaatteita, villapaitoja, villasukkia, leluja lapsille, karvalakkeja, patoja, kattiloita ja mit\u00e4 kaikkea muuta siell\u00e4 olikaan.<\/p>\n<p>N\u00e4it\u00e4 ei en\u00e4\u00e4 kelkoilla vied\u00e4kk\u00e4\u00e4n huokaisi Eevert.<\/p>\n<figure id=\"attachment_8023\" aria-describedby=\"caption-attachment-8023\" style=\"width: 640px\" class=\"wp-caption aligncenter\"><img loading=\"lazy\" decoding=\"async\" class=\"size-full wp-image-8023\" src=\"http:\/\/kinanen.fi\/wordpress\/wp-content\/uploads\/2014\/12\/IMG_2488.jpg\" alt=\"Reki ja hevonen\" width=\"640\" height=\"573\" \/><figcaption id=\"caption-attachment-8023\" class=\"wp-caption-text\">Reki ja hevonen<\/figcaption><\/figure>\n<p>Taidan pyyt\u00e4\u00e4 naapurin is\u00e4nn\u00e4lt\u00e4 hevosen ja reen lainaan. Sill\u00e4 kun pari kierrosta ajetaan, niin saadaan t\u00e4m\u00e4 kaikki hyvyys oikeaan paikkaan.<\/p>\n<p>Oletko sin\u00e4 saanut yll\u00e4tty\u00e4 ihmisten hyv\u00e4st\u00e4 teosta? Oletko itse yll\u00e4tt\u00e4nyt itsesi? Mill\u00e4 yll\u00e4tt\u00e4isit yst\u00e4v\u00e4si, jos kaikki maailmassa olisi mahdollista?<\/p>\n<p>____________________________________<\/p>\n<p>Kalenterissa on omia askartelujani sek\u00e4 lukuisa m\u00e4\u00e4r\u00e4 eri nukkekotitaiteilijoiden taidokkaita t\u00f6it\u00e4. En erittele niit\u00e4 erikseen. Jos ja kun l\u00f6yd\u00e4t oman teoksesi kuvista, niin j\u00e4t\u00e4 siit\u00e4 viesti yhteiseksi iloksi.<\/p>\n","protected":false},"excerpt":{"rendered":"<p>Se on joulukuu jo puolessa, huomaa Eevert tutkiessaan kalenteriaan. \u00a0 Niin se vaan aika juoksee kun on kaikenlaista touhua p\u00e4ivitt\u00e4in. Eevert ajatteli aikanaan, kun merihommista j\u00e4i el\u00e4kkeelle, ett\u00e4 silloin voi j\u00e4tt\u00e4\u00e4 touhut ja kiireet kokonaan taka-alalle ja asustella vain kaikessa rauhassa vanhassa sukutalossaan. Se taisi olla yksi suurimmista harhoistani, toteaa Eevert. Pian asettumisensa j\u00e4lkeen mies [&hellip;]<\/p>\n","protected":false},"author":1,"featured_media":0,"comment_status":"open","ping_status":"open","sticky":false,"template":"","format":"standard","meta":{"footnotes":""},"categories":[],"tags":[],"class_list":["post-9467","post","type-post","status-publish","format-standard","hentry"],"_links":{"self":[{"href":"https:\/\/www.kinanen.fi\/nukkekoti\/wp-json\/wp\/v2\/posts\/9467","targetHints":{"allow":["GET"]}}],"collection":[{"href":"https:\/\/www.kinanen.fi\/nukkekoti\/wp-json\/wp\/v2\/posts"}],"about":[{"href":"https:\/\/www.kinanen.fi\/nukkekoti\/wp-json\/wp\/v2\/types\/post"}],"author":[{"embeddable":true,"href":"https:\/\/www.kinanen.fi\/nukkekoti\/wp-json\/wp\/v2\/users\/1"}],"replies":[{"embeddable":true,"href":"https:\/\/www.kinanen.fi\/nukkekoti\/wp-json\/wp\/v2\/comments?post=9467"}],"version-history":[{"count":7,"href":"https:\/\/www.kinanen.fi\/nukkekoti\/wp-json\/wp\/v2\/posts\/9467\/revisions"}],"predecessor-version":[{"id":9682,"href":"https:\/\/www.kinanen.fi\/nukkekoti\/wp-json\/wp\/v2\/posts\/9467\/revisions\/9682"}],"wp:attachment":[{"href":"https:\/\/www.kinanen.fi\/nukkekoti\/wp-json\/wp\/v2\/media?parent=9467"}],"wp:term":[{"taxonomy":"category","embeddable":true,"href":"https:\/\/www.kinanen.fi\/nukkekoti\/wp-json\/wp\/v2\/categories?post=9467"},{"taxonomy":"post_tag","embeddable":true,"href":"https:\/\/www.kinanen.fi\/nukkekoti\/wp-json\/wp\/v2\/tags?post=9467"}],"curies":[{"name":"wp","href":"https:\/\/api.w.org\/{rel}","templated":true}]}}