{"id":9495,"date":"2015-12-17T00:15:51","date_gmt":"2015-12-16T22:15:51","guid":{"rendered":"http:\/\/kinanen.fi\/wordpress\/?p=9495"},"modified":"2015-12-16T20:31:43","modified_gmt":"2015-12-16T18:31:43","slug":"17-12-4","status":"publish","type":"post","link":"https:\/\/www.kinanen.fi\/nukkekoti\/17-12-4\/","title":{"rendered":"17.12."},"content":{"rendered":"<p>Aamu sujuu Eeverttil\u00e4ss\u00e4 vanhaan malliin. Kahvia juoden, <a href=\"http:\/\/www.jouluradio.fi\">Jouluradiota<\/a> kuunnelleen ja lehte\u00e4 lukien. Kissa ja koira makoilevat tyytyv\u00e4isin\u00e4 Eevertin jalkojen juuressa. T\u00e4m\u00e4 p\u00e4iv\u00e4 on alkanut levollisesti.<\/p>\n<figure id=\"attachment_3962\" aria-describedby=\"caption-attachment-3962\" style=\"width: 427px\" class=\"wp-caption aligncenter\"><img fetchpriority=\"high\" decoding=\"async\" class=\"size-full wp-image-3962\" src=\"http:\/\/kinanen.fi\/wordpress\/wp-content\/uploads\/2011\/11\/Lumiukko.jpg\" alt=\"Ikkunan takaa\" width=\"427\" height=\"640\" \/><figcaption id=\"caption-attachment-3962\" class=\"wp-caption-text\">Ikkunan takaa<\/figcaption><\/figure>\n<p>Keitti\u00f6ss\u00e4 touhutessaan Eevert l\u00f6ysi pahvilaatikollisen kynttil\u00e4np\u00e4tki\u00e4.\u00a0Vuoden varrella Eeverill\u00e4 on tapana ker\u00e4t\u00e4 kynttil\u00e4np\u00e4tki\u00e4 sielt\u00e4 t\u00e4\u00e4lt\u00e4 ja n\u00e4ytt\u00e4\u00e4 niit\u00e4 nyt olevan melkoinen m\u00e4\u00e4r\u00e4.<\/p>\n<p>Voisinkin\u00a0valmistaa niist\u00e4 t\u00e4n\u00e4\u00e4n uusia k\u00e4ytt\u00f6\u00f6n sopivia kynttil\u00f6it\u00e4. Vanhat varastot ovat jo ehtyneet. Joulukynttil\u00e4t n\u00e4ist\u00e4 ainakin saa hyvin, tuumaa mies.<\/p>\n<p>Kynttil\u00f6iden valaminen ja kastaminen on Eevertin perinteisi\u00e4 joulunaluspuuhia. T\u00e4n\u00e4\u00e4n n\u00e4ytt\u00e4\u00e4 olevan oikein hyv\u00e4 valantap\u00e4iv\u00e4 ja kun tarvikkeet ovat kuin itsest\u00e4\u00e4n tulleet k\u00e4siin, niin ei muuta kuin t\u00f6ihin.<\/p>\n<p>Kynttil\u00e4talkoisiin Eevert valmistautuu huolella. Palopeitteet on paikoillaan ja keskittymisrauha varmistettu. Sula kynttil\u00e4massa on herkk\u00e4\u00e4 syttym\u00e4\u00e4n, siksi ty\u00f6h\u00f6n on keskitytt\u00e4v\u00e4 koko olemuksellaan. On tainnut aikaa my\u00f6ten monessa talossa sytty\u00e4 tulipalojakin kun valmistajat eiv\u00e4t ole olleet tarkkana polttavan kuuman kynttil\u00e4massan kanssa.<\/p>\n<p>N\u00e4ihin puuhiin pieni Tenho-koirakaan ei osallistu, sill\u00e4 kuinka mahtaisi k\u00e4yd\u00e4k\u00e4\u00e4n jos pentu innoisaan h\u00e4\u00e4risi valamispuuhissa.<\/p>\n<figure id=\"attachment_1837\" aria-describedby=\"caption-attachment-1837\" style=\"width: 580px\" class=\"wp-caption aligncenter\"><img decoding=\"async\" class=\"size-full wp-image-1837\" src=\"http:\/\/kinanen.fi\/wordpress\/wp-content\/uploads\/2010\/11\/kynttil\u00e4n-valaminen2.jpg\" alt=\"Kynttil\u00e4n valaminen\" width=\"580\" height=\"640\" \/><figcaption id=\"caption-attachment-1837\" class=\"wp-caption-text\">Kynttil\u00e4n valaminen<\/figcaption><\/figure>\n<p>Muutaman juhlap\u00f6yt\u00e4\u00e4n tarkoitetun kastetunkin kynttil\u00e4n Eevert kaikessa rauhassa valmistaa. Kynttil\u00f6iden tekeminen on tarkkaa puuhaa. Siin\u00e4 on oltava vakaa k\u00e4si ja tasainen liike kun syd\u00e4nlankaan hiljaksiin kerros kerrokselta kastetaan sulaan massaan. Vaiva kyll\u00e4 kannattaa, sill\u00e4 on se niin mukava joulup\u00f6yt\u00e4 varustaa omin k\u00e4sin tehdyill\u00e4 valontuojilla.<\/p>\n<figure id=\"attachment_5746\" aria-describedby=\"caption-attachment-5746\" style=\"width: 640px\" class=\"wp-caption aligncenter\"><img decoding=\"async\" class=\"size-full wp-image-5746\" src=\"http:\/\/kinanen.fi\/wordpress\/wp-content\/uploads\/2012\/11\/kynttilan-valaminen.jpg\" alt=\"Kastaminen\" width=\"640\" height=\"427\" \/><figcaption id=\"caption-attachment-5746\" class=\"wp-caption-text\">Kastaminen<\/figcaption><\/figure>\n<p>Eevert huomaa innostuvansa kastamiseen ja suhteellisen vilkkaaseen tahtiin kynttil\u00e4pino kasvaa. \u00a0Eevert lis\u00e4\u00e4 keltaista kynttil\u00e4v\u00e4ri\u00e4 massaan ja n\u00e4in syntyy samalla kertaa useamman juhlan kynttil\u00e4t.<\/p>\n<figure id=\"attachment_9496\" aria-describedby=\"caption-attachment-9496\" style=\"width: 640px\" class=\"wp-caption aligncenter\"><img loading=\"lazy\" decoding=\"async\" class=\"size-full wp-image-9496\" src=\"http:\/\/kinanen.fi\/wordpress\/wp-content\/uploads\/2015\/11\/17.12.-1.jpg\" alt=\"P\u00e4\u00e4si\u00e4iskynttil\u00e4t\" width=\"640\" height=\"497\" \/><figcaption id=\"caption-attachment-9496\" class=\"wp-caption-text\">P\u00e4\u00e4si\u00e4iskynttil\u00e4t<\/figcaption><\/figure>\n<p>Loput\u00a0kynttil\u00e4massasta Eevert valaa muottiin.<\/p>\n<p>Muotin tulee olla sellainen mist\u00e4 kynttil\u00e4n saa pois sitten kun massa on j\u00e4hmettynyt. Eevert on ker\u00e4nnyt tyhji\u00e4 maitopurkkeja t\u00e4t\u00e4 tarkoitusta varten.\u00a0\u00a0H\u00e4n kiinnitt\u00e4\u00e4 ensiksi syd\u00e4nlangan\u00a0paikoilleen ja pohjaan kiinni maalarinteipill\u00e4. Varovasti h\u00e4n kaataa sulan kynttil\u00e4massan purkkiin. Hiljalleen j\u00e4\u00e4htyess\u00e4\u00e4n se j\u00e4hmettyy ja muodostuu kynttil\u00e4ksi.<\/p>\n<p>Kynttil\u00f6iden tekeminen kynttil\u00e4np\u00e4tkist\u00e4 on oikein hyv\u00e4\u00e4 kierr\u00e4tt\u00e4mist\u00e4. Kappelilla varsinkin kertyy paljon kynttil\u00e4np\u00e4tki\u00e4, jotka Suntio mieluusti tuo Eevertille jatkok\u00e4sittelyyn.<\/p>\n<p>Illalla jo Eevert asettaa\u00a0kynttil\u00e4n palamaan ja tuomaan tunnelmaa vanhaan taloon.<\/p>\n<p><img loading=\"lazy\" decoding=\"async\" class=\"aligncenter size-full wp-image-5929\" src=\"http:\/\/kinanen.fi\/wordpress\/wp-content\/uploads\/2012\/12\/kynttila.jpg\" alt=\"Kynttil\u00e4\" width=\"446\" height=\"640\" \/><\/p>\n<p>Kynttil\u00f6ist\u00e4 Eevert pit\u00e4\u00e4. Niiden tuoma valo on pehme\u00e4 ja kodikas. Mit\u00e4 pime\u00e4mp\u00e4\u00e4 syksyll\u00e4 on sit\u00e4 enemm\u00e4n Eevert etsii valonl\u00e4hteit\u00e4. Kynttil\u00e4t tuovat luonnollista valoa ja sen el\u00e4v\u00e4\u00e4 liekki\u00e4 on yht\u00e4 mukavaa katsella kuin takkapuiden palamista.<\/p>\n<p>Kynttil\u00e4 symbolisoi my\u00f6s rukousta. Sen kautta voidaan muistaa kaikkia l\u00e4heisi\u00e4 tai vaikka tuntemattomiakin, joiden puolesta haluaa rukoilla, muistaa tai joita esityisesti haluaa siunata el\u00e4m\u00e4n eri vaiheissa. Monissa kirkoissa on mahdollisuus sytytt\u00e4\u00e4 muisto- ja rukouskynttil\u00e4. Matkoillaan ja reissuillaan Eevertill\u00e4 on tapana sytytt\u00e4\u00e4 kynttil\u00e4 kirkkoon tai kappeliin aina kun se vain on mahdollista.<\/p>\n<figure id=\"attachment_5749\" aria-describedby=\"caption-attachment-5749\" style=\"width: 427px\" class=\"wp-caption aligncenter\"><a href=\"http:\/\/kinanen.fi\/wordpress\/wp-content\/uploads\/2012\/11\/kynttilat12.jpg\"><img loading=\"lazy\" decoding=\"async\" class=\"size-full wp-image-5749\" title=\"kynttil\u00e4t\" src=\"http:\/\/kinanen.fi\/wordpress\/wp-content\/uploads\/2012\/11\/kynttilat12.jpg\" alt=\"\" width=\"427\" height=\"640\" \/><\/a><figcaption id=\"caption-attachment-5749\" class=\"wp-caption-text\">Rukouskynttil\u00f6it\u00e4<\/figcaption><\/figure>\n<p>&nbsp;<\/p>\n<p>Ket\u00e4 sin\u00e4 haluaisit t\u00e4n\u00e4\u00e4n erityisesti muistaa? Millaista kierr\u00e4tyst\u00e4 sin\u00e4 sin\u00e4 toteutat arjessasi? Ja kuinka mahtaa Eevert t\u00e4ydent\u00e4\u00e4 kynttil\u00e4varastonsa uudelleen?____________________________________________________<\/p>\n<p>Kalenterissa on omia askartelujani sek\u00e4 lukuisa m\u00e4\u00e4r\u00e4 eri nukkekotitaiteilijoiden taidokkaita t\u00f6it\u00e4. En erittele niit\u00e4 erikseen. Jos ja kun l\u00f6yd\u00e4t oman teoksesi kuvista, niin j\u00e4t\u00e4 siit\u00e4 viesti yhteiseksi iloksi.<\/p>\n","protected":false},"excerpt":{"rendered":"<p>Aamu sujuu Eeverttil\u00e4ss\u00e4 vanhaan malliin. Kahvia juoden, Jouluradiota kuunnelleen ja lehte\u00e4 lukien. Kissa ja koira makoilevat tyytyv\u00e4isin\u00e4 Eevertin jalkojen juuressa. T\u00e4m\u00e4 p\u00e4iv\u00e4 on alkanut levollisesti. Keitti\u00f6ss\u00e4 touhutessaan Eevert l\u00f6ysi pahvilaatikollisen kynttil\u00e4np\u00e4tki\u00e4.\u00a0Vuoden varrella Eeverill\u00e4 on tapana ker\u00e4t\u00e4 kynttil\u00e4np\u00e4tki\u00e4 sielt\u00e4 t\u00e4\u00e4lt\u00e4 ja n\u00e4ytt\u00e4\u00e4 niit\u00e4 nyt olevan melkoinen m\u00e4\u00e4r\u00e4. Voisinkin\u00a0valmistaa niist\u00e4 t\u00e4n\u00e4\u00e4n uusia k\u00e4ytt\u00f6\u00f6n sopivia kynttil\u00f6it\u00e4. Vanhat varastot [&hellip;]<\/p>\n","protected":false},"author":1,"featured_media":0,"comment_status":"open","ping_status":"open","sticky":false,"template":"","format":"standard","meta":{"footnotes":""},"categories":[],"tags":[],"class_list":["post-9495","post","type-post","status-publish","format-standard","hentry"],"_links":{"self":[{"href":"https:\/\/www.kinanen.fi\/nukkekoti\/wp-json\/wp\/v2\/posts\/9495","targetHints":{"allow":["GET"]}}],"collection":[{"href":"https:\/\/www.kinanen.fi\/nukkekoti\/wp-json\/wp\/v2\/posts"}],"about":[{"href":"https:\/\/www.kinanen.fi\/nukkekoti\/wp-json\/wp\/v2\/types\/post"}],"author":[{"embeddable":true,"href":"https:\/\/www.kinanen.fi\/nukkekoti\/wp-json\/wp\/v2\/users\/1"}],"replies":[{"embeddable":true,"href":"https:\/\/www.kinanen.fi\/nukkekoti\/wp-json\/wp\/v2\/comments?post=9495"}],"version-history":[{"count":4,"href":"https:\/\/www.kinanen.fi\/nukkekoti\/wp-json\/wp\/v2\/posts\/9495\/revisions"}],"predecessor-version":[{"id":9685,"href":"https:\/\/www.kinanen.fi\/nukkekoti\/wp-json\/wp\/v2\/posts\/9495\/revisions\/9685"}],"wp:attachment":[{"href":"https:\/\/www.kinanen.fi\/nukkekoti\/wp-json\/wp\/v2\/media?parent=9495"}],"wp:term":[{"taxonomy":"category","embeddable":true,"href":"https:\/\/www.kinanen.fi\/nukkekoti\/wp-json\/wp\/v2\/categories?post=9495"},{"taxonomy":"post_tag","embeddable":true,"href":"https:\/\/www.kinanen.fi\/nukkekoti\/wp-json\/wp\/v2\/tags?post=9495"}],"curies":[{"name":"wp","href":"https:\/\/api.w.org\/{rel}","templated":true}]}}