{"id":9510,"date":"2015-12-25T00:15:40","date_gmt":"2015-12-24T22:15:40","guid":{"rendered":"http:\/\/kinanen.fi\/wordpress\/?p=9510"},"modified":"2015-11-03T13:42:39","modified_gmt":"2015-11-03T11:42:39","slug":"25-12-joulupaiva-3","status":"publish","type":"post","link":"https:\/\/www.kinanen.fi\/nukkekoti\/25-12-joulupaiva-3\/","title":{"rendered":"25.12. Joulup\u00e4iv\u00e4"},"content":{"rendered":"<div class=\"field field-teaser\">\n<figure id=\"attachment_5626\" aria-describedby=\"caption-attachment-5626\" style=\"width: 640px\" class=\"wp-caption aligncenter\"><img fetchpriority=\"high\" decoding=\"async\" class=\"size-full wp-image-5626\" src=\"http:\/\/kinanen.fi\/wordpress\/wp-content\/uploads\/2012\/11\/18.12f.jpg\" alt=\"Kirkon kattomaalaus It\u00e4vallassa\" width=\"640\" height=\"422\" \/><figcaption id=\"caption-attachment-5626\" class=\"wp-caption-text\"><span style=\"color: #000000;\">Kirkon kattomaalaus It\u00e4vallassa<\/span><\/figcaption><\/figure>\n<p><span style=\"color: #000000;\"><em>En etsi valtaa, loistoa, en kaipaa kultaakaan,<\/em><\/span><br \/>\n<span style=\"color: #000000;\"><em>m\u00e4 pyyd\u00e4n taivaan valoa ja rauhaa p\u00e4\u00e4lle maan.<\/em><\/span><br \/>\n<span style=\"color: #000000;\"><em>Se joulu suo, mi onnen tuo ja mielet nostaa Luojan luo.<\/em><\/span><br \/>\n<span style=\"color: #000000;\"><em>Ei valtaa eik\u00e4 kultaakaan, vaan rauhaa p\u00e4\u00e4lle maan.<\/em><\/span><\/p>\n<p><span style=\"color: #000000;\"><em>Suo mulle maja rauhaisa ja lasten joulupuu,<\/em><\/span><br \/>\n<span style=\"color: #000000;\"><em>Jumalan sanan valoa, joss\u00b4 sieluin kirkastuu.<\/em><\/span><br \/>\n<span style=\"color: #000000;\"><em>Tuo kotihin, nyt pieneenkin, nyt joulujuhla suloisin,<\/em><\/span><br \/>\n<span style=\"color: #000000;\"><em>Jumalan sanan valoa ja mielt\u00e4 jaloa.<\/em><\/span><\/p>\n<p><span style=\"color: #000000;\"><em>Luo k\u00f6yh\u00e4n niinkuin rikkahan saa, joulu ihana!<\/em><\/span><br \/>\n<span style=\"color: #000000;\"><em>Pimeytehen maailman tuo taivaan valoa!<\/em><\/span><br \/>\n<span style=\"color: #000000;\"><em>Sua halajan, sua odotan, s\u00e4 Herra maan ja taivahan.<\/em><\/span><br \/>\n<span style=\"color: #000000;\"><em>Nyt k\u00f6yh\u00e4n niinkuin rikkaan luo suloinen joulus tuo!<\/em><\/span><\/p>\n<p>(S\u00e4vel: Jean Sibelius ja sanat: Sakari Topelius)<\/p>\n<figure id=\"attachment_5691\" aria-describedby=\"caption-attachment-5691\" style=\"width: 480px\" class=\"wp-caption aligncenter\"><img decoding=\"async\" class=\"size-full wp-image-5691\" src=\"http:\/\/kinanen.fi\/wordpress\/wp-content\/uploads\/2012\/11\/19.12d.jpg\" alt=\"Takan \u00e4\u00e4rell\u00e4\" width=\"480\" height=\"640\" \/><figcaption id=\"caption-attachment-5691\" class=\"wp-caption-text\">Takan \u00e4\u00e4rell\u00e4<\/figcaption><\/figure>\n<p>&nbsp;<\/p>\n<p>Eevert kiitt\u00e4\u00e4 kaikkia lukijoita ja k\u00e4vij\u00f6it\u00e4 yhteisest\u00e4 Adventtiajan matkasta.<\/p>\n<p>Oikein rauhaisaa ja hyv\u00e4\u00e4 Joulua!<\/p>\n<p>&nbsp;<\/p>\n<\/div>\n","protected":false},"excerpt":{"rendered":"<p>En etsi valtaa, loistoa, en kaipaa kultaakaan, m\u00e4 pyyd\u00e4n taivaan valoa ja rauhaa p\u00e4\u00e4lle maan. Se joulu suo, mi onnen tuo ja mielet nostaa Luojan luo. Ei valtaa eik\u00e4 kultaakaan, vaan rauhaa p\u00e4\u00e4lle maan. Suo mulle maja rauhaisa ja lasten joulupuu, Jumalan sanan valoa, joss\u00b4 sieluin kirkastuu. Tuo kotihin, nyt pieneenkin, nyt joulujuhla suloisin, Jumalan [&hellip;]<\/p>\n","protected":false},"author":1,"featured_media":0,"comment_status":"open","ping_status":"open","sticky":false,"template":"","format":"standard","meta":{"footnotes":""},"categories":[],"tags":[],"class_list":["post-9510","post","type-post","status-publish","format-standard","hentry"],"_links":{"self":[{"href":"https:\/\/www.kinanen.fi\/nukkekoti\/wp-json\/wp\/v2\/posts\/9510","targetHints":{"allow":["GET"]}}],"collection":[{"href":"https:\/\/www.kinanen.fi\/nukkekoti\/wp-json\/wp\/v2\/posts"}],"about":[{"href":"https:\/\/www.kinanen.fi\/nukkekoti\/wp-json\/wp\/v2\/types\/post"}],"author":[{"embeddable":true,"href":"https:\/\/www.kinanen.fi\/nukkekoti\/wp-json\/wp\/v2\/users\/1"}],"replies":[{"embeddable":true,"href":"https:\/\/www.kinanen.fi\/nukkekoti\/wp-json\/wp\/v2\/comments?post=9510"}],"version-history":[{"count":2,"href":"https:\/\/www.kinanen.fi\/nukkekoti\/wp-json\/wp\/v2\/posts\/9510\/revisions"}],"predecessor-version":[{"id":9512,"href":"https:\/\/www.kinanen.fi\/nukkekoti\/wp-json\/wp\/v2\/posts\/9510\/revisions\/9512"}],"wp:attachment":[{"href":"https:\/\/www.kinanen.fi\/nukkekoti\/wp-json\/wp\/v2\/media?parent=9510"}],"wp:term":[{"taxonomy":"category","embeddable":true,"href":"https:\/\/www.kinanen.fi\/nukkekoti\/wp-json\/wp\/v2\/categories?post=9510"},{"taxonomy":"post_tag","embeddable":true,"href":"https:\/\/www.kinanen.fi\/nukkekoti\/wp-json\/wp\/v2\/tags?post=9510"}],"curies":[{"name":"wp","href":"https:\/\/api.w.org\/{rel}","templated":true}]}}