{"id":9513,"date":"2015-12-19T00:15:58","date_gmt":"2015-12-18T22:15:58","guid":{"rendered":"http:\/\/kinanen.fi\/wordpress\/?p=9513"},"modified":"2015-11-03T14:32:40","modified_gmt":"2015-11-03T12:32:40","slug":"19-12-4","status":"publish","type":"post","link":"https:\/\/www.kinanen.fi\/nukkekoti\/19-12-4\/","title":{"rendered":"19.12."},"content":{"rendered":"<p>Eevert on her\u00e4nnyt todella aikaisin, sill\u00e4 t\u00e4n\u00e4\u00e4n on t\u00e4rke\u00e4 p\u00e4iv\u00e4. Kyl\u00e4n torilla tapahtuu jo ensimm\u00e4iset tapahtumat n\u00e4in viimeisen Adventtisunnuntain aattona. Siisp\u00e4 on viisasta olla ajoissa paikalla.<\/p>\n<p>Kyl\u00e4n miehet ovat perinteiseen tapaan harjoitelleet Tiernapoikien esityst\u00e4. Miehet nyt eiv\u00e4t en\u00e4\u00e4 poikasia ole, mutta eiv\u00e4t vaan malta j\u00e4tt\u00e4\u00e4 niin mukavaa tapahtumaa toteuttamatta. Poikavuosina sama kokoonpano kierteli taloissa laulamassa joulunaikaan. Eevertin laulun\u00e4\u00e4ni ei ole kummoinen, joten yht\u00e4 perinteisesti h\u00e4nelle on luvattu t\u00e4htipojan rooli. Muut miehet ovat hieman kierr\u00e4tt\u00e4neet teht\u00e4vi\u00e4.<\/p>\n<p>T\u00e4htipoikana on oikein hyv\u00e4 olla, tuumii Eevert jonka mielest\u00e4 innokas osallistuminen on aina se t\u00e4rkein asia.<\/p>\n<figure id=\"attachment_9517\" aria-describedby=\"caption-attachment-9517\" style=\"width: 474px\" class=\"wp-caption aligncenter\"><img fetchpriority=\"high\" decoding=\"async\" class=\"size-full wp-image-9517\" src=\"http:\/\/kinanen.fi\/wordpress\/wp-content\/uploads\/2015\/12\/19.12.-1.jpg\" alt=\"Joulukoju\" width=\"474\" height=\"442\" \/><figcaption id=\"caption-attachment-9517\" class=\"wp-caption-text\">Joulukoju<\/figcaption><\/figure>\n<p>Torilla on joulukojuja ollut jo muutaman p\u00e4iv\u00e4n. Monenlaista tavaraa \u00a0on myyt\u00e4v\u00e4n\u00e4 ja taitaa siell\u00e4 k\u00e4\u00e4riyty\u00e4 lahjapaketteihin mit\u00e4 mukavampia asioita.<\/p>\n<figure id=\"attachment_9518\" aria-describedby=\"caption-attachment-9518\" style=\"width: 480px\" class=\"wp-caption aligncenter\"><img decoding=\"async\" class=\"size-full wp-image-9518\" src=\"http:\/\/kinanen.fi\/wordpress\/wp-content\/uploads\/2015\/12\/19.12.-1-1.jpg\" alt=\"Joulutavaraa\" width=\"480\" height=\"640\" \/><figcaption id=\"caption-attachment-9518\" class=\"wp-caption-text\">Joulutavaraa<\/figcaption><\/figure>\n<p>Puolenp\u00e4iv\u00e4n aikaan on miesten tarkoitus aloittaa esityksens\u00e4. Vanhalla kaupalla ja torinlaidalla on ollut ilmoitus tapahtumasta, joten varsinaisesti Eevert ja miehet eiv\u00e4t p\u00e4\u00e4se yll\u00e4tt\u00e4m\u00e4\u00e4n kyl\u00e4l\u00e4isi\u00e4.<\/p>\n<p>Eevert tulee ensimm\u00e4isen\u00e4 kantaen suurta t\u00e4hte\u00e4. Se hiljent\u00e4\u00e4 v\u00e4en \u00e4kki\u00e4 ja komeasti kajahtaa torilla Eevertin sanat: Saammeko tulla laulamaan?<\/p>\n<figure id=\"attachment_7116\" aria-describedby=\"caption-attachment-7116\" style=\"width: 500px\" class=\"wp-caption aligncenter\"><a href=\"http:\/\/kinanen.fi\/wordpress\/wp-content\/uploads\/2013\/10\/23.12b.jpg\"><img decoding=\"async\" class=\"size-full wp-image-7116\" src=\"http:\/\/kinanen.fi\/wordpress\/wp-content\/uploads\/2013\/10\/23.12b.jpg\" alt=\"Tiernapojat\" width=\"500\" height=\"533\" \/><\/a><figcaption id=\"caption-attachment-7116\" class=\"wp-caption-text\">Tiernapojat<\/figcaption><\/figure>\n<p>Eevertin per\u00e4ss\u00e4 astelee kauppias, puutarhuri ja naapurin is\u00e4nt\u00e4. Nelikko on varustautunut oikein kunnon taminein, jotka nuorempaa v\u00e4ke\u00e4 jopa hieman huvittavat. Niin tai n\u00e4in niin laulu on kyll\u00e4 komeaa. Kauppias on tunnettu kauniista laulun\u00e4\u00e4nest\u00e4\u00e4n, eik\u00e4 muut juuri siit\u00e4 j\u00e4lkeen j\u00e4\u00e4.<\/p>\n<p style=\"text-align: center;\"><em>Hyv\u00e4\u00e4 iltaa, hyv\u00e4\u00e4 iltaa, itse kullekin s\u00e4\u00e4dylle.<\/em><br \/>\n<em>Sek\u00e4 is\u00e4nnill&#8217; ett\u00e4 em\u00e4nnill&#8217;, jokaiselle kuin talossa on.<\/em><br \/>\n<em>Ja me toivotamm&#8217;, ja me toivotamm&#8217;, onnellista ja hyv\u00e4\u00e4 joulua.<\/em><br \/>\n<em>Ja sit\u00e4 taivaallista yst\u00e4vyytt\u00e4, joka meid\u00e4n kaikkemme ylitse k\u00e4y.<\/em><\/p>\n<figure id=\"attachment_7117\" aria-describedby=\"caption-attachment-7117\" style=\"width: 385px\" class=\"wp-caption aligncenter\"><a href=\"http:\/\/kinanen.fi\/wordpress\/wp-content\/uploads\/2013\/10\/23.12f.jpg\"><img loading=\"lazy\" decoding=\"async\" class=\"size-full wp-image-7117\" src=\"http:\/\/kinanen.fi\/wordpress\/wp-content\/uploads\/2013\/10\/23.12f.jpg\" alt=\"T\u00e4htipoika\" width=\"385\" height=\"640\" \/><\/a><figcaption id=\"caption-attachment-7117\" class=\"wp-caption-text\">T\u00e4htipoika<\/figcaption><\/figure>\n<p style=\"text-align: center;\"><em>T\u00e4hti se kulukeepi it\u00e4iselt\u00e4 maalta, it\u00e4iselt\u00e4 maalta,<\/em><br \/>\n<em>sanomaton kirkkaus se ulos loisti<\/em><br \/>\n<em>ja se t\u00e4hti oli Jumalalta ulos l\u00e4hetetty, ulos l\u00e4hetetty<\/em><br \/>\n<em>ja he riensiv\u00e4t uhraamaan kultaa, pyh\u00e4\u00e4 savua ja mirhamia,<\/em><br \/>\n<em>ja mirhamia<\/em>.<\/p>\n<figure id=\"attachment_7118\" aria-describedby=\"caption-attachment-7118\" style=\"width: 501px\" class=\"wp-caption aligncenter\"><a href=\"http:\/\/kinanen.fi\/wordpress\/wp-content\/uploads\/2013\/10\/23.12c.jpg\"><img loading=\"lazy\" decoding=\"async\" class=\"size-full wp-image-7118\" src=\"http:\/\/kinanen.fi\/wordpress\/wp-content\/uploads\/2013\/10\/23.12c.jpg\" alt=\"Hoo, jos min\u00e4 olen musta...\" width=\"501\" height=\"470\" \/><\/a><figcaption id=\"caption-attachment-7118\" class=\"wp-caption-text\">Hoo, jos min\u00e4 olen musta&#8230;<\/figcaption><\/figure>\n<p style=\"text-align: center;\"><em>Emme ole mill\u00e4\u00e4n viekkauella emmek\u00e4 v\u00e4\u00e4ryyell\u00e4 tulleet teij\u00e4n huoneeseenne laulamaan, vaan ihan teij\u00e4n oman hyv\u00e4n tahtonne mukaisesti. Olemme k\u00f6yhi\u00e4 laulajapoikia ja pyy\u00e4mme lanttia.<\/em><\/p>\n<p style=\"text-align: center;\"><em>Ja t\u00e4hteemme kynttil\u00e4np\u00e4tk\u00e4\u00e4 &#8211; kajauttaa Eevert<\/em>.<\/p>\n<figure id=\"attachment_7119\" aria-describedby=\"caption-attachment-7119\" style=\"width: 474px\" class=\"wp-caption aligncenter\"><a href=\"http:\/\/kinanen.fi\/wordpress\/wp-content\/uploads\/2013\/10\/23.12d.jpg\"><img loading=\"lazy\" decoding=\"async\" class=\"size-full wp-image-7119\" src=\"http:\/\/kinanen.fi\/wordpress\/wp-content\/uploads\/2013\/10\/23.12d.jpg\" alt=\"Kynttil\u00e4n p\u00e4tk\u00e4\" width=\"474\" height=\"632\" \/><\/a><figcaption id=\"caption-attachment-7119\" class=\"wp-caption-text\">Kynttil\u00e4n p\u00e4tk\u00e4<\/figcaption><\/figure>\n<p style=\"text-align: center;\"><em>Kiitos olkohon, kiitos olkohon teid\u00e4n lahjainne edest\u00e4.<\/em><br \/>\n<em>Teid\u00e4n lahjainne pit\u00e4is&#8217; oleman julki Jumalan edess\u00e4.<\/em><br \/>\n<em>Ja te isoovaiset ja my\u00f6s siunatut, nyt me olemme kaikki sanoneet.<\/em><br \/>\n<em>Ja me toivotamm&#8217;, ja me toivotamm&#8217; onnellista ja hyv\u00e4\u00e4 joulua.<\/em><\/p>\n<p>Tapahtuman\u00a0j\u00e4lkeen joukko hyv\u00e4ntuulisia ja onnellisia kyl\u00e4l\u00e4isi\u00e4 palaa askareihinsa ja kaupank\u00e4ynti torilla jatkuu.<\/p>\n<p>Eevert ja miehet saavat kynttil\u00e4np\u00e4tkien lis\u00e4ksi ker\u00e4tty\u00e4 runsaan\u00a0kolehdin hyv\u00e4\u00e4n tarkoitukseen.<\/p>\n<p>Mihin arvelet tiernaukkojen k\u00e4ytt\u00e4v\u00e4n kolehdin? Mihin takoitukseen sin\u00e4 antaisit ker\u00e4tyt varat? Oletko sin\u00e4 kohdannut Tiernapojat?<\/p>\n<p>___________________________________________<\/p>\n<p>Kalenterissa on omia askartelujani sek\u00e4 lukuisa m\u00e4\u00e4r\u00e4 eri nukkekotitaiteilijoiden taidokkaita t\u00f6it\u00e4. En erittele niit\u00e4 erikseen. Jos ja kun l\u00f6yd\u00e4t oman teoksesi kuvista, niin j\u00e4t\u00e4 siit\u00e4 viesti yhteiseksi iloksi.<\/p>\n","protected":false},"excerpt":{"rendered":"<p>Eevert on her\u00e4nnyt todella aikaisin, sill\u00e4 t\u00e4n\u00e4\u00e4n on t\u00e4rke\u00e4 p\u00e4iv\u00e4. Kyl\u00e4n torilla tapahtuu jo ensimm\u00e4iset tapahtumat n\u00e4in viimeisen Adventtisunnuntain aattona. Siisp\u00e4 on viisasta olla ajoissa paikalla. Kyl\u00e4n miehet ovat perinteiseen tapaan harjoitelleet Tiernapoikien esityst\u00e4. Miehet nyt eiv\u00e4t en\u00e4\u00e4 poikasia ole, mutta eiv\u00e4t vaan malta j\u00e4tt\u00e4\u00e4 niin mukavaa tapahtumaa toteuttamatta. Poikavuosina sama kokoonpano kierteli taloissa laulamassa [&hellip;]<\/p>\n","protected":false},"author":1,"featured_media":0,"comment_status":"open","ping_status":"open","sticky":false,"template":"","format":"standard","meta":{"footnotes":""},"categories":[],"tags":[],"class_list":["post-9513","post","type-post","status-publish","format-standard","hentry"],"_links":{"self":[{"href":"https:\/\/www.kinanen.fi\/nukkekoti\/wp-json\/wp\/v2\/posts\/9513","targetHints":{"allow":["GET"]}}],"collection":[{"href":"https:\/\/www.kinanen.fi\/nukkekoti\/wp-json\/wp\/v2\/posts"}],"about":[{"href":"https:\/\/www.kinanen.fi\/nukkekoti\/wp-json\/wp\/v2\/types\/post"}],"author":[{"embeddable":true,"href":"https:\/\/www.kinanen.fi\/nukkekoti\/wp-json\/wp\/v2\/users\/1"}],"replies":[{"embeddable":true,"href":"https:\/\/www.kinanen.fi\/nukkekoti\/wp-json\/wp\/v2\/comments?post=9513"}],"version-history":[{"count":4,"href":"https:\/\/www.kinanen.fi\/nukkekoti\/wp-json\/wp\/v2\/posts\/9513\/revisions"}],"predecessor-version":[{"id":9519,"href":"https:\/\/www.kinanen.fi\/nukkekoti\/wp-json\/wp\/v2\/posts\/9513\/revisions\/9519"}],"wp:attachment":[{"href":"https:\/\/www.kinanen.fi\/nukkekoti\/wp-json\/wp\/v2\/media?parent=9513"}],"wp:term":[{"taxonomy":"category","embeddable":true,"href":"https:\/\/www.kinanen.fi\/nukkekoti\/wp-json\/wp\/v2\/categories?post=9513"},{"taxonomy":"post_tag","embeddable":true,"href":"https:\/\/www.kinanen.fi\/nukkekoti\/wp-json\/wp\/v2\/tags?post=9513"}],"curies":[{"name":"wp","href":"https:\/\/api.w.org\/{rel}","templated":true}]}}