{"id":9520,"date":"2015-12-21T00:15:30","date_gmt":"2015-12-20T22:15:30","guid":{"rendered":"http:\/\/kinanen.fi\/wordpress\/?p=9520"},"modified":"2015-12-20T21:25:55","modified_gmt":"2015-12-20T19:25:55","slug":"21-12-4","status":"publish","type":"post","link":"https:\/\/www.kinanen.fi\/nukkekoti\/21-12-4\/","title":{"rendered":"21.12."},"content":{"rendered":"<p>Se on sitten jouluviikko k\u00e4sill\u00e4. Viel\u00e4 saa nauttia joulun odotuksesta ja siit\u00e4 kutkuttavasta j\u00e4nnityksest\u00e4 mit\u00e4 siihen liittyy.<\/p>\n<p>Niin, yht\u00e4 j\u00e4nnitt\u00e4v\u00e4\u00e4 se on viel\u00e4 n\u00e4in vanhemmallakin i\u00e4ll\u00e4, tuumii Eevert. Tavaralahjoja h\u00e4n\u00a0ei niink\u00e4\u00e4n joululta odota, mutta suurta lahjaa on yhteinen aika yst\u00e4vien kesken, kaikki ne maut, tuoksut ja v\u00e4rit, joista voi nauttia kaikilla aisteilla. Ja ne ovat vain esimakua joulun perimm\u00e4isen sanoman rinnalla.<\/p>\n<p>Mit\u00e4 enemm\u00e4n on el\u00e4m\u00e4\u00e4 n\u00e4hnyt, niin sit\u00e4 t\u00e4rke\u00e4mm\u00e4ksi huolenpito, rakkaus, siunaus ja varjelus on el\u00e4m\u00e4ss\u00e4 tullut. Ja siit\u00e4h\u00e4n joulussa oikeastaan on kysymys. \u00c4\u00e4rimm\u00e4isest\u00e4 rakkaudesta.<\/p>\n<p>Eevertin seikkailevat ajatukset pys\u00e4htyv\u00e4t aamulehden ilmoitukseen.<\/p>\n<figure id=\"attachment_9527\" aria-describedby=\"caption-attachment-9527\" style=\"width: 480px\" class=\"wp-caption aligncenter\"><img fetchpriority=\"high\" decoding=\"async\" class=\"size-full wp-image-9527\" src=\"http:\/\/kinanen.fi\/wordpress\/wp-content\/uploads\/2015\/12\/21.12.-1.jpg\" alt=\"Aamulehti\" width=\"480\" height=\"640\" \/><figcaption id=\"caption-attachment-9527\" class=\"wp-caption-text\">Aamulehti<\/figcaption><\/figure>\n<p>Mit\u00e4 t\u00e4\u00e4ll\u00e4 lukeekaan. Ison kirkon kauppahallin sivukoju tuodaan kotikyl\u00e4n torille jouluviikoksi. Voi mahdoton miten mukavaa! huudahtaa Eevert ja lipaisee samalla suupieli\u00e4\u00e4n. T\u00e4m\u00e4h\u00e4n on hyv\u00e4 uutinen. Nyt ei tarvitse l\u00e4hte\u00e4 kaupungin hulinaan, vaan saa juuri ne erityisen t\u00e4rke\u00e4t joulup\u00f6yd\u00e4n herkut suoraan omalta torilta.<\/p>\n<p>Kauppahallin koju n\u00e4ytt\u00e4\u00e4 avautuvan t\u00e4n\u00e4\u00e4n. Sinneh\u00e4n sit\u00e4 on l\u00e4hdett\u00e4v\u00e4 heti paikalla, p\u00e4\u00e4tt\u00e4\u00e4 mies.<\/p>\n<p>Jaa, no jos min\u00e4 juon t\u00e4m\u00e4n aamukahvini ensin.<\/p>\n<figure id=\"attachment_9528\" aria-describedby=\"caption-attachment-9528\" style=\"width: 640px\" class=\"wp-caption aligncenter\"><img decoding=\"async\" class=\"size-full wp-image-9528\" src=\"http:\/\/kinanen.fi\/wordpress\/wp-content\/uploads\/2015\/12\/21.12.-1-5.jpg\" alt=\"Kuppi\" width=\"640\" height=\"480\" \/><figcaption id=\"caption-attachment-9528\" class=\"wp-caption-text\">Kuppi<\/figcaption><\/figure>\n<p>Kahvittelujen j\u00e4lkeen rivakat askelet kulkevat kohti kyl\u00e4n keskustaa. Torille p\u00e4\u00e4sty\u00e4\u00e4n mies huomaa, ett\u00e4 niinp\u00e4 sinne onkin tullut yksi koju lis\u00e4\u00e4.<\/p>\n<p>Melkoisia herkkuja siell\u00e4 on jo esill\u00e4. Makkaroita, aladobeja, maksapasteijoita, juustoja ja mit\u00e4 kaikkea. Eevertin aika menee ensin katsellessa ja ihastellessa.<\/p>\n<figure id=\"attachment_9524\" aria-describedby=\"caption-attachment-9524\" style=\"width: 446px\" class=\"wp-caption aligncenter\"><img decoding=\"async\" class=\"size-full wp-image-9524\" src=\"http:\/\/kinanen.fi\/wordpress\/wp-content\/uploads\/2015\/12\/21.12.-1-1.jpg\" alt=\"Lihakoju\" width=\"446\" height=\"529\" \/><figcaption id=\"caption-attachment-9524\" class=\"wp-caption-text\">Herkkukoju<\/figcaption><\/figure>\n<p>V\u00e4hitellen Eevert arvaa ryhty\u00e4 kaupoille. Ehk\u00e4 pienen siivun tuosta ja v\u00e4h\u00e4n t\u00e4st\u00e4&#8230; jos viel\u00e4 tuota&#8230; Ja kauppias toimii toiveiden mukaisesti. Eevertin koriin on p\u00e4\u00e4tynyt mukavasti maistiaisia.<\/p>\n<figure id=\"attachment_9526\" aria-describedby=\"caption-attachment-9526\" style=\"width: 560px\" class=\"wp-caption aligncenter\"><img loading=\"lazy\" decoding=\"async\" class=\"size-full wp-image-9526\" src=\"http:\/\/kinanen.fi\/wordpress\/wp-content\/uploads\/2015\/12\/21.12.-1-3.jpg\" alt=\"Maistiaisia\" width=\"560\" height=\"364\" \/><figcaption id=\"caption-attachment-9526\" class=\"wp-caption-text\">Maistiaisia<\/figcaption><\/figure>\n<p>Eevert tilaa viel\u00e4 joulukinkun kauppiaalta. Sellaisen h\u00e4n lupaa toimittaa jo vaikka seuraavaksi p\u00e4iv\u00e4ksi. Joulukinkun paistaminen on t\u00e4rke\u00e4 kohta joulun valmisteluja. Ensin pit\u00e4\u00e4 leivinuuni l\u00e4mmitt\u00e4\u00e4 oikein hyvin ja lev\u00e4nnyt kinkku laitetaan y\u00f6ksi sinne muhimaan.<\/p>\n<p>Aamulla voi sitten silpaista pienen palasen ja tarkistaa kinkun maku sek\u00e4 sipaista hieman sinappia kinkun mehev\u00e4\u00e4n pintaan.<\/p>\n<figure id=\"attachment_5586\" aria-describedby=\"caption-attachment-5586\" style=\"width: 640px\" class=\"wp-caption aligncenter\"><img loading=\"lazy\" decoding=\"async\" class=\"size-full wp-image-5586\" src=\"http:\/\/kinanen.fi\/wordpress\/wp-content\/uploads\/2012\/11\/7.12b.jpg\" alt=\"Kinkku ja sinappi\" width=\"640\" height=\"480\" \/><figcaption id=\"caption-attachment-5586\" class=\"wp-caption-text\">Eevertin unelma<\/figcaption><\/figure>\n<p>Eevertille tosin k\u00e4y usein niin, ett\u00e4 tunnin tai puolen p\u00e4\u00e4st\u00e4 pit\u00e4\u00e4 maistaa uudelleen, sill\u00e4 maku tasaantuu ja muuttuu kun kinkku j\u00e4\u00e4htyy. Vesi herahtaa jo valmiiksi miehen kielelle, ja jo pelk\u00e4n ajatuksen voimalla h\u00e4n saa maun suuhunsa. Kyll\u00e4 keho muistaa, naurahtaa Eevert huomatessaan kuinka autuaan oloisena h\u00e4n katselee jonnekin kaukaisuuteen kauppiaan edess\u00e4 kinkun maku suussaan.<\/p>\n<p>Herkkujensa kanssa Eevert suuntaa kotiin. Illalla h\u00e4n maistelee l\u00f6yt\u00f6j\u00e4\u00e4n ja on hyvin onnellinen.<\/p>\n<figure id=\"attachment_9530\" aria-describedby=\"caption-attachment-9530\" style=\"width: 640px\" class=\"wp-caption aligncenter\"><img loading=\"lazy\" decoding=\"async\" class=\"size-full wp-image-9530\" src=\"http:\/\/kinanen.fi\/wordpress\/wp-content\/uploads\/2015\/12\/21.12.-1-4.jpg\" alt=\"Maistiaislautanen\" width=\"640\" height=\"480\" \/><figcaption id=\"caption-attachment-9530\" class=\"wp-caption-text\">Maistiaislautanen<\/figcaption><\/figure>\n<p>Mist\u00e4 joulumausta Eevert taitaa pit\u00e4\u00e4 eniten? Mik\u00e4 on sinun oma jouluherkkusi? Kuuluuko kinkun paistaminen sinun joulupuuhiisi? Ja mit\u00e4 ilman joulu ei voi edes tulla?<\/p>\n<p>______________________________________________<\/p>\n<p>Kalenterissa on omia askartelujani sek\u00e4 lukuisa m\u00e4\u00e4r\u00e4 eri nukkekotitaiteilijoiden taidokkaita t\u00f6it\u00e4. En erittele niit\u00e4 erikseen. Jos ja kun l\u00f6yd\u00e4t oman teoksesi kuvista, niin j\u00e4t\u00e4 siit\u00e4 viesti yhteiseksi iloksi.<\/p>\n<p>&nbsp;<\/p>\n","protected":false},"excerpt":{"rendered":"<p>Se on sitten jouluviikko k\u00e4sill\u00e4. Viel\u00e4 saa nauttia joulun odotuksesta ja siit\u00e4 kutkuttavasta j\u00e4nnityksest\u00e4 mit\u00e4 siihen liittyy. Niin, yht\u00e4 j\u00e4nnitt\u00e4v\u00e4\u00e4 se on viel\u00e4 n\u00e4in vanhemmallakin i\u00e4ll\u00e4, tuumii Eevert. Tavaralahjoja h\u00e4n\u00a0ei niink\u00e4\u00e4n joululta odota, mutta suurta lahjaa on yhteinen aika yst\u00e4vien kesken, kaikki ne maut, tuoksut ja v\u00e4rit, joista voi nauttia kaikilla aisteilla. Ja ne ovat [&hellip;]<\/p>\n","protected":false},"author":1,"featured_media":0,"comment_status":"open","ping_status":"open","sticky":false,"template":"","format":"standard","meta":{"footnotes":""},"categories":[],"tags":[],"class_list":["post-9520","post","type-post","status-publish","format-standard","hentry"],"_links":{"self":[{"href":"https:\/\/www.kinanen.fi\/nukkekoti\/wp-json\/wp\/v2\/posts\/9520","targetHints":{"allow":["GET"]}}],"collection":[{"href":"https:\/\/www.kinanen.fi\/nukkekoti\/wp-json\/wp\/v2\/posts"}],"about":[{"href":"https:\/\/www.kinanen.fi\/nukkekoti\/wp-json\/wp\/v2\/types\/post"}],"author":[{"embeddable":true,"href":"https:\/\/www.kinanen.fi\/nukkekoti\/wp-json\/wp\/v2\/users\/1"}],"replies":[{"embeddable":true,"href":"https:\/\/www.kinanen.fi\/nukkekoti\/wp-json\/wp\/v2\/comments?post=9520"}],"version-history":[{"count":6,"href":"https:\/\/www.kinanen.fi\/nukkekoti\/wp-json\/wp\/v2\/posts\/9520\/revisions"}],"predecessor-version":[{"id":9689,"href":"https:\/\/www.kinanen.fi\/nukkekoti\/wp-json\/wp\/v2\/posts\/9520\/revisions\/9689"}],"wp:attachment":[{"href":"https:\/\/www.kinanen.fi\/nukkekoti\/wp-json\/wp\/v2\/media?parent=9520"}],"wp:term":[{"taxonomy":"category","embeddable":true,"href":"https:\/\/www.kinanen.fi\/nukkekoti\/wp-json\/wp\/v2\/categories?post=9520"},{"taxonomy":"post_tag","embeddable":true,"href":"https:\/\/www.kinanen.fi\/nukkekoti\/wp-json\/wp\/v2\/tags?post=9520"}],"curies":[{"name":"wp","href":"https:\/\/api.w.org\/{rel}","templated":true}]}}