{"id":9533,"date":"2015-12-22T00:15:41","date_gmt":"2015-12-21T22:15:41","guid":{"rendered":"http:\/\/kinanen.fi\/wordpress\/?p=9533"},"modified":"2015-12-21T22:50:06","modified_gmt":"2015-12-21T20:50:06","slug":"22-12-3","status":"publish","type":"post","link":"https:\/\/www.kinanen.fi\/nukkekoti\/22-12-3\/","title":{"rendered":"22.12."},"content":{"rendered":"<p>Vain kolme p\u00e4iv\u00e4\u00e4 jouluun on&#8230; viheltelee Eevert ep\u00e4vireisesti heti aamusta. Pieni Tenho-koira ravistelee p\u00e4\u00e4t\u00e4\u00e4n kuin ilmoittaakseen, ett\u00e4 lopeta nyt hyv\u00e4 mies se vihelt\u00e4minen ja laita vaikka <a href=\"http:\/\/www.jouluradio.fi\" target=\"_blank\">Jouluradio<\/a> p\u00e4\u00e4lle.<\/p>\n<p>Eevert ei huomaa Tenhon vihjailuja vaan tuntuu el\u00e4v\u00e4n ihan muussa todellisuudessa. Eevert on touhunnut kyl\u00e4ll\u00e4 valmistelemassa joulunaikaa koko joulukuun. Omaan talouteen h\u00e4n ei ole juurikaan ehtinyt katsomaan. Kaipa se joulu t\u00e4nnekin tulee, vaikka ei niin kovasti tohotakkaan, naurahtaa Eevert. Onhan sent\u00e4\u00e4n kranssi ovessa ja adventtikynttil\u00e4t p\u00f6yd\u00e4ss\u00e4. Ei se taida ylenpalttinen touhuaminen olla kuitenkaan se joulun ydin, vakuuttaa Eevert itselleen.<\/p>\n<figure id=\"attachment_9544\" aria-describedby=\"caption-attachment-9544\" style=\"width: 426px\" class=\"wp-caption aligncenter\"><img fetchpriority=\"high\" decoding=\"async\" class=\"size-full wp-image-9544\" src=\"http:\/\/kinanen.fi\/wordpress\/wp-content\/uploads\/2015\/12\/22.12.-1-7.jpg\" alt=\"Kauppamatkalle\" width=\"426\" height=\"568\" \/><figcaption id=\"caption-attachment-9544\" class=\"wp-caption-text\">Kauppamatkalle<\/figcaption><\/figure>\n<p>T\u00e4n\u00e4\u00e4n olisi hyv\u00e4\u00e4 aikaa k\u00e4yd\u00e4 asioilla ja tehd\u00e4 tarvittavat jouluhankinnat. Kinkku tulikin jo tilattua ja se pit\u00e4isi noutaa. Oman maan juureksia l\u00f6ytyy kellarista, mutta jotakin pient\u00e4 hyv\u00e4\u00e4 olisi hyv\u00e4 hankkia valmiiksi.<\/p>\n<p>Eevert sonnustautuu korilla ja kelkalla matkaan. Kelkka on kelpo menopeli t\u00e4h\u00e4n aikaan vuodesta. Alam\u00e4et menev\u00e4t hujauksessa lasketellessa ja yl\u00e4m\u00e4keen raskaskin taakka tulee kevyemmin kuin kantaen.<\/p>\n<figure id=\"attachment_9538\" aria-describedby=\"caption-attachment-9538\" style=\"width: 475px\" class=\"wp-caption aligncenter\"><img decoding=\"async\" class=\"size-full wp-image-9538\" src=\"http:\/\/kinanen.fi\/wordpress\/wp-content\/uploads\/2015\/12\/22.12.-1-1.jpg\" alt=\"Kinkku kainalossa\" width=\"475\" height=\"577\" \/><figcaption id=\"caption-attachment-9538\" class=\"wp-caption-text\">Kinkku kainalossa<\/figcaption><\/figure>\n<p>Ensiksi Eevert poikkeaa kinkun ja muun herkun hakuun torikojulle. Kaupat tehty\u00e4\u00e4n h\u00e4n siirtyy seuraavalle ja taas sit\u00e4 seuraavalle. T\u00e4n\u00e4 vuonna torilta saa kaikki k\u00e4tev\u00e4sti kerralla.<\/p>\n<figure id=\"attachment_9539\" aria-describedby=\"caption-attachment-9539\" style=\"width: 411px\" class=\"wp-caption aligncenter\"><img decoding=\"async\" class=\"size-full wp-image-9539\" src=\"http:\/\/kinanen.fi\/wordpress\/wp-content\/uploads\/2015\/12\/22.12.-1-2.jpg\" alt=\"Pikelsi\u00e4\" width=\"411\" height=\"517\" \/><figcaption id=\"caption-attachment-9539\" class=\"wp-caption-text\">Pikelsi\u00e4<\/figcaption><\/figure>\n<p>Pient\u00e4 makeaakin tarttuu mukaan, sill\u00e4 eih\u00e4n se vanhanakaan suu tuohesta ole, ajattelee mies vesi kiell\u00e4 katsellessaan pienen joulukojun antimia.<\/p>\n<figure id=\"attachment_9545\" aria-describedby=\"caption-attachment-9545\" style=\"width: 480px\" class=\"wp-caption aligncenter\"><img loading=\"lazy\" decoding=\"async\" class=\"size-full wp-image-9545\" src=\"http:\/\/kinanen.fi\/wordpress\/wp-content\/uploads\/2015\/12\/22.12.-1.jpg\" alt=\"Makeita\" width=\"480\" height=\"640\" \/><figcaption id=\"caption-attachment-9545\" class=\"wp-caption-text\">Makeita<\/figcaption><\/figure>\n<p>Kukkakojun luona h\u00e4n viiv\u00e4ht\u00e4\u00e4 hyv\u00e4n tovin. Kauppiaalla on toinen toistaan komeampia kukkakoreja tarjolla. Eevert p\u00e4\u00e4tt\u00e4\u00e4 ottaa yhden itselleen ja toisen Suntiolle ja kolmannen naapurille&#8230; Kauneudesta Eevert pit\u00e4\u00e4.<\/p>\n<figure id=\"attachment_9540\" aria-describedby=\"caption-attachment-9540\" style=\"width: 385px\" class=\"wp-caption aligncenter\"><img loading=\"lazy\" decoding=\"async\" class=\"size-full wp-image-9540\" src=\"http:\/\/kinanen.fi\/wordpress\/wp-content\/uploads\/2015\/12\/22.12.-1-3.jpg\" alt=\"Kukkakoju\" width=\"385\" height=\"425\" \/><figcaption id=\"caption-attachment-9540\" class=\"wp-caption-text\">Kukkakoju<\/figcaption><\/figure>\n<p>Nuorena pojankollina h\u00e4n oli monet joulut kukkakauppiaan apupoikana tekem\u00e4ss\u00e4 istutuksia. Sielt\u00e4 varmaan juontaa juurensa se, ett\u00e4 Eevert mielell\u00e4\u00e4n yh\u00e4 edelleen hankkii joulukukat oman kyl\u00e4n kukkakauppiaalta.<\/p>\n<figure id=\"attachment_9546\" aria-describedby=\"caption-attachment-9546\" style=\"width: 480px\" class=\"wp-caption aligncenter\"><img loading=\"lazy\" decoding=\"async\" class=\"size-full wp-image-9546\" src=\"http:\/\/kinanen.fi\/wordpress\/wp-content\/uploads\/2015\/12\/22.12.-1-8.jpg\" alt=\"Istutukset\" width=\"480\" height=\"640\" \/><figcaption id=\"caption-attachment-9546\" class=\"wp-caption-text\">Istutukset<\/figcaption><\/figure>\n<p>Siell\u00e4 on edelleen kyl\u00e4n nuorille jouluty\u00f6paikka olemassa. Nykyisin sellainen mahdollisuus on monelle nuorelle niin kovin t\u00e4rke\u00e4. Ty\u00f6el\u00e4m\u00e4n harjoittelupaikat kun ovat niin kovin tiukassa, oli sitten kyse kes\u00e4- tai muusta sesonkity\u00f6st\u00e4.<\/p>\n<p>Pian on kelkka t\u00e4ynn\u00e4 kaikkea tarvittavaa ja on aika palata kotiin.<\/p>\n<figure id=\"attachment_9541\" aria-describedby=\"caption-attachment-9541\" style=\"width: 480px\" class=\"wp-caption aligncenter\"><img loading=\"lazy\" decoding=\"async\" class=\"size-full wp-image-9541\" src=\"http:\/\/kinanen.fi\/wordpress\/wp-content\/uploads\/2015\/12\/22.12.-1-4.jpg\" alt=\"Kaikki hankittu\" width=\"480\" height=\"640\" \/><figcaption id=\"caption-attachment-9541\" class=\"wp-caption-text\">Kaikki hankittu<\/figcaption><\/figure>\n<p>Eevert laittaa ostokset paikoilleen ja tekee ruokaa. Torikojulta on tullut mukaan maukasta lenkkimakkaraa. Sen Eevert pilkkoo pieneksi ja tekee siit\u00e4 makkarakastikkeen. Sen seuraksi tarvitaan vain keitettyj\u00e4 perunoita. Selke\u00e4\u00e4 perusruokaa, toteaa Eevert. Ja samaa mielt\u00e4 on Tenho-koirakin, joka saa osuutensa soosista.<\/p>\n<figure id=\"attachment_9542\" aria-describedby=\"caption-attachment-9542\" style=\"width: 640px\" class=\"wp-caption aligncenter\"><img loading=\"lazy\" decoding=\"async\" class=\"size-full wp-image-9542\" src=\"http:\/\/kinanen.fi\/wordpress\/wp-content\/uploads\/2015\/12\/22.12.-1-5.jpg\" alt=\"Ruoka\" width=\"640\" height=\"480\" \/><figcaption id=\"caption-attachment-9542\" class=\"wp-caption-text\">Ruoka<\/figcaption><\/figure>\n<p>Taloon laskeutuu hiljaisuus ruokailun ajaksi. Ruuan j\u00e4lkeen Eevert istahtaa salin tuolille ja lukee lehte\u00e4. Reippaan ulkoilun ja kelkan ty\u00f6ntelyn j\u00e4lkeen l\u00e4mmin ruoka massussa aiheuttaa mukavaa ramaisua. Eik\u00e4 aikaakaan kun miehen lehti laskeutuu syliin ja mies nukahtaa salin l\u00e4mp\u00f6\u00f6n.<\/p>\n<figure id=\"attachment_9543\" aria-describedby=\"caption-attachment-9543\" style=\"width: 480px\" class=\"wp-caption aligncenter\"><img loading=\"lazy\" decoding=\"async\" class=\"size-full wp-image-9543\" src=\"http:\/\/kinanen.fi\/wordpress\/wp-content\/uploads\/2015\/12\/22.12.-1-6.jpg\" alt=\"Nukkuva Eevert\" width=\"480\" height=\"640\" \/><figcaption id=\"caption-attachment-9543\" class=\"wp-caption-text\">Nukkuva Eevert<\/figcaption><\/figure>\n<p>Tenho k\u00e4pertyy ker\u00e4lle Eevertin jalkoihin.<\/p>\n<p>Olo on hyv\u00e4 ja rauhallinen. Mik\u00e4\u00e4n maailmassa ei h\u00e4iritse sit\u00e4 levollisuutta mik\u00e4 on laskeutunut Eeverttil\u00e4\u00e4n.<\/p>\n<p>Mik\u00e4 tuo sinulle levollisuutta? Mist\u00e4 joulukukasta sin\u00e4 pid\u00e4t? Mit\u00e4 arvelet l\u00f6ytyv\u00e4n Eevertin joulup\u00f6yd\u00e4st\u00e4 kinkun lis\u00e4ksi?<\/p>\n<p>_________________________________________________<\/p>\n<p>Kalenterissa on omia askartelujani sek\u00e4 lukuisa m\u00e4\u00e4r\u00e4 eri nukkekotitaiteilijoiden taidokkaita t\u00f6it\u00e4. En erittele niit\u00e4 erikseen. Jos ja kun l\u00f6yd\u00e4t oman teoksesi kuvista, niin j\u00e4t\u00e4 siit\u00e4 viesti yhteiseksi iloksi.<\/p>\n","protected":false},"excerpt":{"rendered":"<p>Vain kolme p\u00e4iv\u00e4\u00e4 jouluun on&#8230; viheltelee Eevert ep\u00e4vireisesti heti aamusta. Pieni Tenho-koira ravistelee p\u00e4\u00e4t\u00e4\u00e4n kuin ilmoittaakseen, ett\u00e4 lopeta nyt hyv\u00e4 mies se vihelt\u00e4minen ja laita vaikka Jouluradio p\u00e4\u00e4lle. Eevert ei huomaa Tenhon vihjailuja vaan tuntuu el\u00e4v\u00e4n ihan muussa todellisuudessa. Eevert on touhunnut kyl\u00e4ll\u00e4 valmistelemassa joulunaikaa koko joulukuun. Omaan talouteen h\u00e4n ei ole juurikaan ehtinyt katsomaan. [&hellip;]<\/p>\n","protected":false},"author":1,"featured_media":0,"comment_status":"open","ping_status":"open","sticky":false,"template":"","format":"standard","meta":{"footnotes":""},"categories":[],"tags":[],"class_list":["post-9533","post","type-post","status-publish","format-standard","hentry"],"_links":{"self":[{"href":"https:\/\/www.kinanen.fi\/nukkekoti\/wp-json\/wp\/v2\/posts\/9533","targetHints":{"allow":["GET"]}}],"collection":[{"href":"https:\/\/www.kinanen.fi\/nukkekoti\/wp-json\/wp\/v2\/posts"}],"about":[{"href":"https:\/\/www.kinanen.fi\/nukkekoti\/wp-json\/wp\/v2\/types\/post"}],"author":[{"embeddable":true,"href":"https:\/\/www.kinanen.fi\/nukkekoti\/wp-json\/wp\/v2\/users\/1"}],"replies":[{"embeddable":true,"href":"https:\/\/www.kinanen.fi\/nukkekoti\/wp-json\/wp\/v2\/comments?post=9533"}],"version-history":[{"count":4,"href":"https:\/\/www.kinanen.fi\/nukkekoti\/wp-json\/wp\/v2\/posts\/9533\/revisions"}],"predecessor-version":[{"id":9547,"href":"https:\/\/www.kinanen.fi\/nukkekoti\/wp-json\/wp\/v2\/posts\/9533\/revisions\/9547"}],"wp:attachment":[{"href":"https:\/\/www.kinanen.fi\/nukkekoti\/wp-json\/wp\/v2\/media?parent=9533"}],"wp:term":[{"taxonomy":"category","embeddable":true,"href":"https:\/\/www.kinanen.fi\/nukkekoti\/wp-json\/wp\/v2\/categories?post=9533"},{"taxonomy":"post_tag","embeddable":true,"href":"https:\/\/www.kinanen.fi\/nukkekoti\/wp-json\/wp\/v2\/tags?post=9533"}],"curies":[{"name":"wp","href":"https:\/\/api.w.org\/{rel}","templated":true}]}}