{"id":9548,"date":"2015-12-23T00:15:14","date_gmt":"2015-12-22T22:15:14","guid":{"rendered":"http:\/\/kinanen.fi\/wordpress\/?p=9548"},"modified":"2015-12-22T22:23:03","modified_gmt":"2015-12-22T20:23:03","slug":"23-12-3","status":"publish","type":"post","link":"https:\/\/www.kinanen.fi\/nukkekoti\/23-12-3\/","title":{"rendered":"23.12."},"content":{"rendered":"<p>Jaaha, t\u00e4n\u00e4\u00e4n on se kauan odotettu p\u00e4iv\u00e4. On kyl\u00e4n oman joulujuhlan aika. Siit\u00e4 tulee varmasti ikimuistoinen juhla, sill\u00e4 tokkopa kyl\u00e4ll\u00e4 on ket\u00e4\u00e4n, joka ei olisi osallistunut sen valmisteluun jollakin tavalla.<\/p>\n<p>Aamusta alkaen torilla on tapahtunut kaikenlaista. Lapset kiert\u00e4v\u00e4t laulamassa joululauluja kojulta toiselle ja v\u00e4lill\u00e4 ison kuusen juurella kaikelle v\u00e4elle.<\/p>\n<figure id=\"attachment_9555\" aria-describedby=\"caption-attachment-9555\" style=\"width: 570px\" class=\"wp-caption aligncenter\"><img fetchpriority=\"high\" decoding=\"async\" class=\"size-full wp-image-9555\" src=\"http:\/\/kinanen.fi\/wordpress\/wp-content\/uploads\/2015\/12\/23.12.-1-3.jpg\" alt=\"Kuusen juurelle ker\u00e4\u00e4ntyy lahjoja\" width=\"570\" height=\"450\" \/><figcaption id=\"caption-attachment-9555\" class=\"wp-caption-text\">Kuusen juurelle ker\u00e4\u00e4ntyy lahjoja<\/figcaption><\/figure>\n<p>Joulukuusen ymp\u00e4rille on hiljalleen tullut lahjoja Rakennetaan joulupuu -ker\u00e4yksen my\u00f6t\u00e4. Suntiolasta on lis\u00e4ksi tullut koko kuormallinen lahjoja,\u00a0joita on sinne\u00a0toimitettu. Hyv\u00e4\u00e4 on mukava jakaa \ud83d\ude42<\/p>\n<figure id=\"attachment_9556\" aria-describedby=\"caption-attachment-9556\" style=\"width: 640px\" class=\"wp-caption aligncenter\"><img decoding=\"async\" class=\"size-full wp-image-9556\" src=\"http:\/\/kinanen.fi\/wordpress\/wp-content\/uploads\/2015\/12\/23.12.-1-4.jpg\" alt=\"Gl\u00f6gi\u00e4 tarjolla\" width=\"640\" height=\"491\" \/><figcaption id=\"caption-attachment-9556\" class=\"wp-caption-text\">Gl\u00f6gi\u00e4 tarjolla<\/figcaption><\/figure>\n<p>Eevert on lupautunut jakamaan kuumaa gl\u00f6gi\u00e4 kaikille k\u00e4vij\u00f6ille. Hieno Gl\u00f6gipannu on Eevertin omista k\u00e4tk\u00f6ist\u00e4 ja kulkenut miehen mukana It\u00e4vallasta saakka. Sen mies on puhdistanut ja kiillottanut oikein hienoksi.<\/p>\n<figure id=\"attachment_9560\" aria-describedby=\"caption-attachment-9560\" style=\"width: 480px\" class=\"wp-caption aligncenter\"><img decoding=\"async\" class=\"size-full wp-image-9560\" src=\"http:\/\/kinanen.fi\/wordpress\/wp-content\/uploads\/2015\/12\/23.12.-1.jpg\" alt=\"Gl\u00f6gipannu\" width=\"480\" height=\"640\" \/><figcaption id=\"caption-attachment-9560\" class=\"wp-caption-text\">Gl\u00f6gipannu<\/figcaption><\/figure>\n<p>Tarkasti ja salaisella reseptill\u00e4\u00e4n h\u00e4n on maustanut vahvan mehujuoman. Hyvin kuuma gl\u00f6gi meneekin kaupaksi, vaikka paukkupakkanen ei olekaan. Rusinat ja mantelit antavat juhlallisen silauksen juomalle.<\/p>\n<figure id=\"attachment_9553\" aria-describedby=\"caption-attachment-9553\" style=\"width: 401px\" class=\"wp-caption aligncenter\"><img loading=\"lazy\" decoding=\"async\" class=\"size-full wp-image-9553\" src=\"http:\/\/kinanen.fi\/wordpress\/wp-content\/uploads\/2015\/12\/23.12.-1-1.jpg\" alt=\"Kenen jalat?\" width=\"401\" height=\"529\" \/><figcaption id=\"caption-attachment-9553\" class=\"wp-caption-text\">Kenen jalat?<\/figcaption><\/figure>\n<p>Joulupukki on saapunut my\u00f6s paikalle. Lapset kiertelev\u00e4t uteliaana pukin kojua. Arvaisiko sinne menn\u00e4 sis\u00e4lle, vai tyytyisik\u00f6 tutkailemaan varmuuden vuoksi hieman et\u00e4\u00e4mm\u00e4lt\u00e4. Moni kokee kutkuttavaa ep\u00e4varmuutta pukkia kohtaan. Hyv\u00e4 miesh\u00e4n se pukki tietenkin on, kun tuo lahjoja lapsille. Monet tovekirjeet ovat l\u00e4htenee t\u00e4n\u00e4kin jouluna kyl\u00e4n postista. Ja odotus senkun tiivistyy viel\u00e4 lasten mieliss\u00e4. Huomenna on vasta jouluaatto ja Suomessa lasten lahjat tulevat silloin.<\/p>\n<figure id=\"attachment_9554\" aria-describedby=\"caption-attachment-9554\" style=\"width: 480px\" class=\"wp-caption aligncenter\"><img loading=\"lazy\" decoding=\"async\" class=\"size-full wp-image-9554\" src=\"http:\/\/kinanen.fi\/wordpress\/wp-content\/uploads\/2015\/12\/23.12.-1-2.jpg\" alt=\"Nukkuva pukki\" width=\"480\" height=\"640\" \/><figcaption id=\"caption-attachment-9554\" class=\"wp-caption-text\">Nukkuva pukki<\/figcaption><\/figure>\n<p>Onkohan pukilla paljon apulaisia kun voi noin levollisesti istua jouten t\u00e4\u00e4ll\u00e4 torilla. Pukkihan nukkuu! huudahtaa yksi lapsista silm\u00e4t py\u00f6rein\u00e4 ihmetyksist\u00e4.<\/p>\n<p>Eevert nauttii katsellessaan lasten kiertely\u00e4 pukin ymp\u00e4rill\u00e4. Mit\u00e4 h\u00e4n mahtaakaan muistella?<\/p>\n<p>Naapurin is\u00e4nt\u00e4 soittaa pient\u00e4 kelloa. Se on merkkin\u00e4 siit\u00e4, ett\u00e4 on aika kokoontua torin laidalle perustettun el\u00e4inten aitauksen luo. On aika julistaa el\u00e4inten ja kyl\u00e4l\u00e4isten joulurauha. Kyl\u00e4n el\u00e4imi\u00e4 on tuotu aitaukseen juhlistamaan tapahtumaa. Hieman h\u00e4mill\u00e4\u00e4n ne ovat saamastaan huomiosta, mutta kiitollisia kaikesta silityksest\u00e4 ja rapsutuksesta.<\/p>\n<figure id=\"attachment_9559\" aria-describedby=\"caption-attachment-9559\" style=\"width: 459px\" class=\"wp-caption aligncenter\"><img loading=\"lazy\" decoding=\"async\" class=\"size-full wp-image-9559\" src=\"http:\/\/kinanen.fi\/wordpress\/wp-content\/uploads\/2015\/12\/23.12.-1-7.jpg\" alt=\"Seimi\" width=\"459\" height=\"350\" \/><figcaption id=\"caption-attachment-9559\" class=\"wp-caption-text\">Seimi<\/figcaption><\/figure>\n<p>Aitaukseen on rakennettu seimi. Siell\u00e4 \u00e4iti-Maria ja is\u00e4-Joosef hoitavat pient\u00e4 Jeesus-vauvaa. Se on kristillisen joulun keskeisin symboli. Silloin kauan sitten, tuo pieni vauva syntyi vaatimattomaan talliin el\u00e4inten keskelle. Lapsen \u00e4iti kapaloi vauvan ja teki el\u00e4inten ruokintaan tarkoitetusta kaukalosta lapselleen ensimm\u00e4isen vuoteen. Se oli pehmustettu oljilla ja oli varmasti hyv\u00e4 ja l\u00e4mmin paikka vauvalle. Tuosta pienest\u00e4 vauvasta varttui aikanaan mies, jonka el\u00e4m\u00e4nvaiheita ja opetuksia kuullaan viel\u00e4 t\u00e4n\u00e4kin p\u00e4iv\u00e4n\u00e4.\u00a0Rakkaus, rauha ja kunnioitus itse\u00e4, toisia ja Jumalaa kohtaan ovat tulleet\u00a0Eevertille t\u00e4rkeimmiksi opetuksiksi omassa el\u00e4m\u00e4ss\u00e4. Ilman niit\u00e4\u00a0olisi ep\u00e4toivo vallannut mielen niin monesti el\u00e4m\u00e4n aikana. On hyv\u00e4 ja t\u00e4rke\u00e4 asia el\u00e4m\u00e4ss\u00e4, ett\u00e4 on toivoa olemassa kaikissa el\u00e4m\u00e4n tilanteissa ja vaiheissa.<\/p>\n<p>Suntio lukee viel\u00e4 jouluevankeliumin Luukkaan mukaan 2:1-20.<\/p>\n<figure id=\"attachment_9558\" aria-describedby=\"caption-attachment-9558\" style=\"width: 640px\" class=\"wp-caption aligncenter\"><img loading=\"lazy\" decoding=\"async\" class=\"size-full wp-image-9558\" src=\"http:\/\/kinanen.fi\/wordpress\/wp-content\/uploads\/2015\/12\/23.12.-1-6.jpg\" alt=\"Runotytt\u00f6\" width=\"640\" height=\"550\" \/><figcaption id=\"caption-attachment-9558\" class=\"wp-caption-text\">Runotytt\u00f6<\/figcaption><\/figure>\n<p>Tapahtuman p\u00e4\u00e4tteeksi er\u00e4s kyl\u00e4n lapsista esitt\u00e4\u00e4 Yrj\u00f6 Jylh\u00e4n runon Jooseppi Kirvesmiehest\u00e4. Kirkkaalla lapsen \u00e4\u00e4nell\u00e4 ja sopivalla runopoljennolla h\u00e4n lausui:<\/p>\n<p><em>Oli muuan Jooseppi Kirvesmies<\/em><br \/>\n<em>oli siell\u00e4 miss\u00e4 me muutkin,<\/em><br \/>\n<em>j\u00e4i h\u00e4lt\u00e4 vaimo ja kotilies,<\/em><br \/>\n<em>ja vieri viikot ja kuutkin.<\/em><\/p>\n<p><em>H\u00e4n harvoin kirjoitti Marjalleen<\/em><br \/>\n<em>ja harvoin kirjeit\u00e4 saikin,<\/em><br \/>\n<em>mut jouluaaton kun ehtooseen<\/em><br \/>\n<em>tuli s\u00e4\u00e4sti joukkomme harvenneen,<\/em><br \/>\n<em>niin kuulla saimme me kaikin:<\/em><\/p>\n<p><em>poika syntynyt Joosepille<\/em><br \/>\n<em>ja Marjatalle, ja Marjatalle!<\/em><br \/>\n<em>Se syntyi mustimman orren alle,<\/em><br \/>\n<em>on tuskin peitett\u00e4 sille.\u00a0<\/em><\/p>\n<p><em>Me kaikki hengess\u00e4 polvistuimme<\/em><br \/>\n<em>ja lapsen vierelle kumarruimme<\/em><br \/>\n<em>ja siunauksen luimme.\u00a0<\/em><\/p>\n<p><em>Ja monta paimenta parrakasta<\/em><br \/>\n<em>lumessa valvoi ja vartioi,<\/em><br \/>\n<em>ja vartioi sit\u00e4 pient\u00e4 lasta<\/em><br \/>\n<em>petojen saaliiksi joutumasta &#8211;<\/em><br \/>\n<em>maa, taivas kiitosta soi.\u00a0<\/em><\/p>\n<p><em>Ja Suomen korpien yll\u00e4 hohti<\/em><br \/>\n<em>nyt t\u00e4hti suurempi muita,<\/em><br \/>\n<em>ja me kaikki k\u00e4\u00e4nnyimme sit\u00e4 kohti,<\/em><br \/>\n<em>ja meid\u00e4t kaikki se kotiin johti,<\/em><br \/>\n<em>se t\u00e4hti suurempi muita.\u00a0<\/em><\/p>\n<p>Runon p\u00e4\u00e4tytty\u00e4 kyl\u00e4l\u00e4iset taputtivat villisti k\u00e4si\u00e4\u00e4n. Kaikki oli sujunut hienosti ja yhteinen kokoontuminen kyl\u00e4n torille oli tehnyt kaikille hyv\u00e4\u00e4. Monta asiaa on touhuttavana, mutta niit\u00e4 t\u00e4rkeit\u00e4 ei lopultakaan ole niin kovin paljoa.<\/p>\n<figure id=\"attachment_5728\" aria-describedby=\"caption-attachment-5728\" style=\"width: 610px\" class=\"wp-caption aligncenter\"><img loading=\"lazy\" decoding=\"async\" class=\"size-full wp-image-5728\" src=\"http:\/\/kinanen.fi\/wordpress\/wp-content\/uploads\/2012\/11\/24.12e.jpg\" alt=\"Lyhty\" width=\"610\" height=\"640\" \/><figcaption id=\"caption-attachment-5728\" class=\"wp-caption-text\">Lyhty<\/figcaption><\/figure>\n<p>Kyl\u00e4l\u00e4iset halaavat\u00a0toisiaan ja toivottavat kaikkea hyv\u00e4\u00e4 joulunajalle. Kuusen juurella olevat paketit toimitettaan henkil\u00f6kohtaisesti eteenp\u00e4in niille, jotka eiv\u00e4t olleet p\u00e4\u00e4sseet yhteiseen iloon.<\/p>\n<p>Mik\u00e4 joulussa on sinulle merkitt\u00e4vint\u00e4? Onko joulussasi sellaista mist\u00e4 ei voisi luopua? Ent\u00e4 miten ajattelet Eevertin tekev\u00e4n huomenna?<\/p>\n<p>________________________________________________<\/p>\n<p>Kalenterissa on omia askartelujani sek\u00e4 lukuisa m\u00e4\u00e4r\u00e4 eri nukkekotitaiteilijoiden taidokkaita t\u00f6it\u00e4. En erittele niit\u00e4 erikseen. Jos ja kun l\u00f6yd\u00e4t oman teoksesi kuvista, niin j\u00e4t\u00e4 siit\u00e4 viesti yhteiseksi iloksi.<\/p>\n","protected":false},"excerpt":{"rendered":"<p>Jaaha, t\u00e4n\u00e4\u00e4n on se kauan odotettu p\u00e4iv\u00e4. On kyl\u00e4n oman joulujuhlan aika. Siit\u00e4 tulee varmasti ikimuistoinen juhla, sill\u00e4 tokkopa kyl\u00e4ll\u00e4 on ket\u00e4\u00e4n, joka ei olisi osallistunut sen valmisteluun jollakin tavalla. Aamusta alkaen torilla on tapahtunut kaikenlaista. Lapset kiert\u00e4v\u00e4t laulamassa joululauluja kojulta toiselle ja v\u00e4lill\u00e4 ison kuusen juurella kaikelle v\u00e4elle. Joulukuusen ymp\u00e4rille on hiljalleen tullut lahjoja [&hellip;]<\/p>\n","protected":false},"author":1,"featured_media":0,"comment_status":"open","ping_status":"open","sticky":false,"template":"","format":"standard","meta":{"footnotes":""},"categories":[],"tags":[],"class_list":["post-9548","post","type-post","status-publish","format-standard","hentry"],"_links":{"self":[{"href":"https:\/\/www.kinanen.fi\/nukkekoti\/wp-json\/wp\/v2\/posts\/9548","targetHints":{"allow":["GET"]}}],"collection":[{"href":"https:\/\/www.kinanen.fi\/nukkekoti\/wp-json\/wp\/v2\/posts"}],"about":[{"href":"https:\/\/www.kinanen.fi\/nukkekoti\/wp-json\/wp\/v2\/types\/post"}],"author":[{"embeddable":true,"href":"https:\/\/www.kinanen.fi\/nukkekoti\/wp-json\/wp\/v2\/users\/1"}],"replies":[{"embeddable":true,"href":"https:\/\/www.kinanen.fi\/nukkekoti\/wp-json\/wp\/v2\/comments?post=9548"}],"version-history":[{"count":5,"href":"https:\/\/www.kinanen.fi\/nukkekoti\/wp-json\/wp\/v2\/posts\/9548\/revisions"}],"predecessor-version":[{"id":9690,"href":"https:\/\/www.kinanen.fi\/nukkekoti\/wp-json\/wp\/v2\/posts\/9548\/revisions\/9690"}],"wp:attachment":[{"href":"https:\/\/www.kinanen.fi\/nukkekoti\/wp-json\/wp\/v2\/media?parent=9548"}],"wp:term":[{"taxonomy":"category","embeddable":true,"href":"https:\/\/www.kinanen.fi\/nukkekoti\/wp-json\/wp\/v2\/categories?post=9548"},{"taxonomy":"post_tag","embeddable":true,"href":"https:\/\/www.kinanen.fi\/nukkekoti\/wp-json\/wp\/v2\/tags?post=9548"}],"curies":[{"name":"wp","href":"https:\/\/api.w.org\/{rel}","templated":true}]}}