{"id":9614,"date":"2015-12-04T00:15:45","date_gmt":"2015-12-03T22:15:45","guid":{"rendered":"http:\/\/kinanen.fi\/wordpress\/?p=9614"},"modified":"2015-12-03T19:55:24","modified_gmt":"2015-12-03T17:55:24","slug":"4-12-4","status":"publish","type":"post","link":"https:\/\/www.kinanen.fi\/nukkekoti\/4-12-4\/","title":{"rendered":"4.12."},"content":{"rendered":"<p>Aamukahvia juodessaan Eevertille tulee kummallinen olo. Ihan kuin jotakin pit\u00e4isi muistaa, mutta ei mill\u00e4\u00e4n muista. Asia j\u00e4\u00e4 py\u00f6rim\u00e4\u00e4n mieleen eik\u00e4 j\u00e4t\u00e4 miest\u00e4 rauhaan. Eevert kaataa itselleen viel\u00e4 yhden personkupin, ihan vain siksi, ett\u00e4 jos kahvi kirvoittaisi muistin niin, ett\u00e4 vaivaava asia selkiintyisi.<\/p>\n<figure id=\"attachment_1941\" aria-describedby=\"caption-attachment-1941\" style=\"width: 640px\" class=\"wp-caption aligncenter\"><img fetchpriority=\"high\" decoding=\"async\" class=\"size-full wp-image-1941\" src=\"http:\/\/kinanen.fi\/wordpress\/wp-content\/uploads\/2010\/11\/Tenho.jpg\" alt=\"tenho\" width=\"640\" height=\"484\" \/><figcaption id=\"caption-attachment-1941\" class=\"wp-caption-text\">Tenho kurkistaa ihmeiss\u00e4\u00e4n tuolin takaa<\/figcaption><\/figure>\n<p>Pikkukoira Tenho huomaa, ett\u00e4 is\u00e4nt\u00e4 miettii kovasti jotakin ja on selv\u00e4sti unohtanut\u00a0aamiaisen antamisen. Siisp\u00e4 Tenho haukahtaa ja t\u00f6n\u00e4isee kuonollaan ruokakuppiaan. Eevert havahtuu ja kaataa koiran kuppiin nappuloita. Tenho katsoo kuppiaan ja sitten miest\u00e4. Kissanruokaa koirankupissa &#8211; kyll\u00e4 nyt on jotakin sekaisin, murahtaa Tenho ja pistelee nappulat kiireesti piiloon ennen em\u00e4nt\u00e4kissan saapumista.<\/p>\n<figure id=\"attachment_3094\" aria-describedby=\"caption-attachment-3094\" style=\"width: 427px\" class=\"wp-caption aligncenter\"><img decoding=\"async\" class=\"size-full wp-image-3094\" src=\"http:\/\/kinanen.fi\/wordpress\/wp-content\/uploads\/2011\/05\/Eteinen.jpg\" alt=\"Kurskistus ovesta\" width=\"427\" height=\"640\" \/><figcaption id=\"caption-attachment-3094\" class=\"wp-caption-text\">Eteinen<\/figcaption><\/figure>\n<p>Eevert k\u00e4y p\u00e4\u00e4st\u00e4m\u00e4ss\u00e4 Tenhon pihalle.<\/p>\n<p>Eteisen penkilt\u00e4 h\u00e4n poimii k\u00e4teens\u00e4 paperinpalan. Hetken aikaa mies katselee sit\u00e4 ja lopulta ilme kirkastuu. Seh\u00e4n se oli mit\u00e4 ei muistanut! Suntion pyyt\u00e4m\u00e4 asia. T\u00e4ss\u00e4h\u00e4n se on kirjoitettuna. Lapussa oli osoite ja kellonaika &#8211; ei muuta. Eevert katsoo kelloaan ja tuumii, ett\u00e4 on l\u00e4hdett\u00e4v\u00e4 heti liikkeelle.<\/p>\n<p>Osoite kuulostaa j\u00e4nnitt\u00e4v\u00e4lt\u00e4 &#8211; Uutiskatu. Aikansa kierrelty\u00e4\u00e4n Eevert l\u00f6yt\u00e4\u00e4 annetun\u00a0osoitteen ja kyselee tapaamiltaan ihmisilt\u00e4 minne Suntion oli mahdollisesti sopinut menev\u00e4ns\u00e4. Pian asia selkenee. Ja yht\u00e4 pian Eevert kauhistuu!<\/p>\n<figure id=\"attachment_9622\" aria-describedby=\"caption-attachment-9622\" style=\"width: 480px\" class=\"wp-caption aligncenter\"><img decoding=\"async\" class=\"size-full wp-image-9622\" src=\"http:\/\/kinanen.fi\/wordpress\/wp-content\/uploads\/2015\/11\/Jouluradio-7.jpg\" alt=\"Rakennus on l\u00f6ytynyt\" width=\"480\" height=\"640\" \/><figcaption id=\"caption-attachment-9622\" class=\"wp-caption-text\">Rakennus on l\u00f6ytynyt<\/figcaption><\/figure>\n<p>Suntio oli luvannut toimia p\u00e4iv\u00e4n <a href=\"http:\/\/jouluradio.fi\" target=\"_blank\">Jouluradion <\/a>musiikkip\u00e4\u00e4llik\u00f6n assarina. Mit\u00e4 ihmett\u00e4? Vanha merikarhu tuskin osaa muuta kuin hieman morsettaa apua ja siit\u00e4 taidosta ei taida olla juuri hy\u00f6ty\u00e4. Suntion sukulaispoika Jani pist\u00e4\u00e4 \u00a0samantien Eevertille kuulokkeet korville ja kertoo, ett\u00e4 on aika ryhty\u00e4 ty\u00f6h\u00f6n.<\/p>\n<figure id=\"attachment_9616\" aria-describedby=\"caption-attachment-9616\" style=\"width: 603px\" class=\"wp-caption aligncenter\"><img loading=\"lazy\" decoding=\"async\" class=\"size-full wp-image-9616\" src=\"http:\/\/kinanen.fi\/wordpress\/wp-content\/uploads\/2015\/11\/jouluradio-1.jpg\" alt=\"Kuulokkeet\" width=\"603\" height=\"640\" \/><figcaption id=\"caption-attachment-9616\" class=\"wp-caption-text\">Kuulokkeet<\/figcaption><\/figure>\n<p>Hurja m\u00e4\u00e4r\u00e4 nappuloita, joita pit\u00e4isi kiert\u00e4\u00e4 ja k\u00e4\u00e4nt\u00e4\u00e4. Hikih\u00e4n t\u00e4ss\u00e4 tulee, huokaisee Eevert.<\/p>\n<figure id=\"attachment_9615\" aria-describedby=\"caption-attachment-9615\" style=\"width: 480px\" class=\"wp-caption aligncenter\"><img loading=\"lazy\" decoding=\"async\" class=\"size-full wp-image-9615\" src=\"http:\/\/kinanen.fi\/wordpress\/wp-content\/uploads\/2015\/11\/Jouluradio-1-1.jpg\" alt=\"\u00c4\u00e4nip\u00f6yt\u00e4\" width=\"480\" height=\"640\" \/><figcaption id=\"caption-attachment-9615\" class=\"wp-caption-text\">\u00c4\u00e4nip\u00f6yt\u00e4<\/figcaption><\/figure>\n<p>J\u00e4nnitt\u00e4v\u00e4\u00e4, kuinka musiikki siirtyy n\u00e4yt\u00f6lle ja muuttuu liikkuvaksi kuvaksi. Jotakin siell\u00e4 s\u00e4\u00e4det\u00e4\u00e4n ja valmistellaan l\u00e4hetyksen alkamista.<\/p>\n<figure id=\"attachment_9617\" aria-describedby=\"caption-attachment-9617\" style=\"width: 640px\" class=\"wp-caption aligncenter\"><img loading=\"lazy\" decoding=\"async\" class=\"size-full wp-image-9617\" src=\"http:\/\/kinanen.fi\/wordpress\/wp-content\/uploads\/2015\/11\/Jouluradio-2.jpg\" alt=\"Yhteist\u00e4 ty\u00f6t\u00e4 \" width=\"640\" height=\"500\" \/><figcaption id=\"caption-attachment-9617\" class=\"wp-caption-text\">Yhteist\u00e4 ty\u00f6t\u00e4<\/figcaption><\/figure>\n<p>Jani kertoo, ett\u00e4 Jouluradion kokoelmiin kuuluu yli 3000 eri kappaletta ja esityst\u00e4. Niiden kuunteluun ja soittolistojen kokoamiseen on kulunut paljon aikaa!<\/p>\n<p>Uusimmat \u00e4\u00e4nitteet ovat tulleet Islannista saakka. Eevert tutustuu vasta saapuneeseen\u00a0kokoelmaan mielenkiinnolla. On siin\u00e4 sitten monta joululaulua, tuumii mies ja koittaa laskea mieless\u00e4\u00e4n kuinka monta itse tuntee.<\/p>\n<figure id=\"attachment_9619\" aria-describedby=\"caption-attachment-9619\" style=\"width: 480px\" class=\"wp-caption aligncenter\"><img loading=\"lazy\" decoding=\"async\" class=\"size-full wp-image-9619\" src=\"http:\/\/kinanen.fi\/wordpress\/wp-content\/uploads\/2015\/11\/Jouluradio-4.jpg\" alt=\"Joulumusiikkia\" width=\"480\" height=\"640\" \/><figcaption id=\"caption-attachment-9619\" class=\"wp-caption-text\">Joulumusiikkia<\/figcaption><\/figure>\n<p>Seuraavaksi on aika suunnitella haastattelua. Joulumusiikin v\u00e4liss\u00e4 on mukavaa kuunnella eri ihmisten ajatuksia joulusta. Pieni v\u00e4ristys k\u00e4y Eevertin kehossa kun h\u00e4n kuulee p\u00e4\u00e4sev\u00e4ns\u00e4 miettim\u00e4\u00e4n Heikki Harman haastattelua. Voi sent\u00e4\u00e4n, Hectorin musiikia sit\u00e4 on kuunneltu melkein pojank\u00f6lvist\u00e4 saakka huokaa Eevert. Jotkut sanoitukset ovat niin kuin olisivat kertoneet omista nuorukaisvuosista kaikkine t\u00f6ll\u00f6nt\u00f6ineen.<\/p>\n<p>Mit\u00e4h\u00e4n sit\u00e4 kysyisi?<\/p>\n<p>Kovin on huisketta studiolla. Tuskin on haastettelu saatu loppuun kun pit\u00e4\u00e4 siirty\u00e4 jo kovaa kyyti\u00e4 seuraavaan kohteeseen.<\/p>\n<figure id=\"attachment_9634\" aria-describedby=\"caption-attachment-9634\" style=\"width: 640px\" class=\"wp-caption aligncenter\"><img loading=\"lazy\" decoding=\"async\" class=\"size-full wp-image-9634\" src=\"http:\/\/kinanen.fi\/wordpress\/wp-content\/uploads\/2015\/12\/Jouluradio-1-5.jpg\" alt=\"Jouluradion mainio toimitus\" width=\"640\" height=\"427\" \/><figcaption id=\"caption-attachment-9634\" class=\"wp-caption-text\">Jouluradion mainio toimitus<\/figcaption><\/figure>\n<p>Muutamia pressikuvia pit\u00e4\u00e4 ottaa ja sinne tietysti koko studion porukalla ollaan matkalla. Eevert saa <a href=\"http:\/\/jouluradio.fi\" target=\"_blank\">Jouluradion<\/a> hauskan punaisen radion k\u00e4teens\u00e4 ja kuvan muistoksi assarip\u00e4iv\u00e4st\u00e4\u00e4n.<\/p>\n<figure id=\"attachment_9626\" aria-describedby=\"caption-attachment-9626\" style=\"width: 480px\" class=\"wp-caption aligncenter\"><img loading=\"lazy\" decoding=\"async\" class=\"size-full wp-image-9626\" src=\"http:\/\/kinanen.fi\/wordpress\/wp-content\/uploads\/2015\/12\/Jouluradio-1-2.jpg\" alt=\"Jouluradio Eevert Taavitsainen\" width=\"480\" height=\"640\" \/><figcaption id=\"caption-attachment-9626\" class=\"wp-caption-text\">Jouluradio Eevert Taavitsainen<\/figcaption><\/figure>\n<p>Jani kertoo pit\u00e4v\u00e4ns\u00e4 joulusta. Kyll\u00e4 siit\u00e4 t\u00e4ytyykin pit\u00e4\u00e4, jos keskittyy siihen kokonaan puolen vuoden ajan! Jouluradio soi Adventista Loppiaiseen, mutta monet valmistelut ja suunnittelut tehd\u00e4\u00e4n ennen sit\u00e4. On siin\u00e4 pojalla pitk\u00e4\u00a0joulu, h\u00f6r\u00e4ht\u00e4\u00e4 Eevert, joka tunnetusti on jouluihminen itsekin. Unelmaty\u00f6h\u00e4n t\u00e4m\u00e4 on, vahvistaa Jani.<\/p>\n<figure id=\"attachment_9607\" aria-describedby=\"caption-attachment-9607\" style=\"width: 480px\" class=\"wp-caption aligncenter\"><img loading=\"lazy\" decoding=\"async\" class=\"size-full wp-image-9607\" src=\"http:\/\/kinanen.fi\/wordpress\/wp-content\/uploads\/2013\/02\/jouluradio-Jani-Kareinen-1.jpg\" alt=\"Jani Kareinen ja Eevert \" width=\"480\" height=\"640\" \/><figcaption id=\"caption-attachment-9607\" class=\"wp-caption-text\">Jani Kareinen ja Eevert<\/figcaption><\/figure>\n<p>Eevert ja Jani keskustelevat pitk\u00e4\u00e4n joulusta. Viimeiseksi Eevertin mieleen j\u00e4\u00e4 ajatus siit\u00e4, ett\u00e4 jouluna kaikki ik\u00e4v\u00e4 ja pahuus voidaan j\u00e4tt\u00e4\u00e4\u00a0ja antaa ilon sek\u00e4\u00a0riemun vallatata \u00a0tilaa.<\/p>\n<p>Ilo, hyv\u00e4 olo, l\u00e4heiset ja maittava jouluruoka karkoittavat tehokkasti ik\u00e4v\u00e4\u00e4 el\u00e4m\u00e4st\u00e4. Eevert huomaa olevansa samaa mielt\u00e4 nuoren musiikkip\u00e4\u00e4llik\u00f6n kanssa. Pienest\u00e4 studiosta l\u00e4htee liikkeelle suuria ja merkitt\u00e4vi\u00e4 asioita. El\u00e4m\u00e4ss\u00e4 moni pieni asia voi olla niin suuri ja merkitt\u00e4v\u00e4, ett\u00e4 se kantaa monen ik\u00e4v\u00e4n yli.<\/p>\n<figure id=\"attachment_9620\" aria-describedby=\"caption-attachment-9620\" style=\"width: 640px\" class=\"wp-caption aligncenter\"><img loading=\"lazy\" decoding=\"async\" class=\"size-full wp-image-9620\" src=\"http:\/\/kinanen.fi\/wordpress\/wp-content\/uploads\/2015\/11\/Jouluradio-5.jpg\" alt=\"Studiolla\" width=\"640\" height=\"480\" \/><figcaption id=\"caption-attachment-9620\" class=\"wp-caption-text\">Studiolla<\/figcaption><\/figure>\n<p>L\u00e4htiess\u00e4\u00e4n Eevert saa mukaansa kaksi heijastinta, itselleen ja Suntiolle. Ne tulevat tarpeeseen, sill\u00e4 pime\u00e4ll\u00e4 tiell\u00e4 jalankulkija on kovin n\u00e4kym\u00e4t\u00f6n. Iloisen punainen heijastin tuo valoisammallakin kelill\u00e4 hyv\u00e4\u00e4 mielt\u00e4 ihan vain olemassaolollaan.<\/p>\n<figure id=\"attachment_9629\" aria-describedby=\"caption-attachment-9629\" style=\"width: 640px\" class=\"wp-caption aligncenter\"><img loading=\"lazy\" decoding=\"async\" class=\"size-full wp-image-9629\" src=\"http:\/\/kinanen.fi\/wordpress\/wp-content\/uploads\/2015\/12\/Jouluradio-1-4.jpg\" alt=\"Heijastimet\" width=\"640\" height=\"480\" \/><figcaption id=\"caption-attachment-9629\" class=\"wp-caption-text\">Heijastimet<\/figcaption><\/figure>\n<p>P\u00e4iv\u00e4n p\u00e4\u00e4tytty\u00e4 Eevert suuntaa sairaalaan ja hakee sielt\u00e4 mukaansa Suntion jatkamaan toipumistaan kotiin. Kotimatkalla Eevertill\u00e4 on paljon kerrottavaa ihmeellisest\u00e4 p\u00e4iv\u00e4st\u00e4\u00e4n assarina. Eevert on oikeastaan kiitollinen siit\u00e4 luottamuksesta, jonka h\u00e4n Suntiolta sai assarip\u00e4iv\u00e4ss\u00e4.<\/p>\n<figure id=\"attachment_9627\" aria-describedby=\"caption-attachment-9627\" style=\"width: 480px\" class=\"wp-caption aligncenter\"><img loading=\"lazy\" decoding=\"async\" class=\"size-full wp-image-9627\" src=\"http:\/\/kinanen.fi\/wordpress\/wp-content\/uploads\/2015\/12\/Jouluradio-1-3.jpg\" alt=\"Musiikin kuuntelua\" width=\"480\" height=\"640\" \/><figcaption id=\"caption-attachment-9627\" class=\"wp-caption-text\">Musiikin kuuntelua<\/figcaption><\/figure>\n<p>Kotona Eevert ottaa esille vanhan levysoittimensa ja kasan levyj\u00e4. Hectorin \u00e4\u00e4nitteit\u00e4 l\u00f6ytyy useampia ja niit\u00e4 kuunnellen vier\u00e4ht\u00e4\u00e4 koko ilta. Musiikki vie Eevertin muistoihin.<\/p>\n<p>Millaisia muistoja musiikki ja artistit sinussa her\u00e4tt\u00e4v\u00e4t? Mik\u00e4 on suosikki joululaulusi? Ja oletko jo kuunnellut <a href=\"http:\/\/www.jouluradio.fi\" target=\"_blank\">Jouluradiota?<\/a><\/p>\n<p><iframe title=\"Hector - On Marialle syntynyt poikalapsi\" width=\"640\" height=\"360\" src=\"https:\/\/www.youtube.com\/embed\/fUrPsmAeP24?feature=oembed\" frameborder=\"0\" allow=\"accelerometer; autoplay; clipboard-write; encrypted-media; gyroscope; picture-in-picture; web-share\" referrerpolicy=\"strict-origin-when-cross-origin\" allowfullscreen><\/iframe><\/p>\n<p>________________________________________________<\/p>\n<p>Kiitos Jouluradion v\u00e4elle ja erityisesti musiikkip\u00e4\u00e4llikk\u00f6 Jani Kareiselle mukavasta p\u00e4iv\u00e4st\u00e4.<\/p>\n<p>Kalenterissa on omia askartelujani sek\u00e4 lukuisa m\u00e4\u00e4r\u00e4 eri nukkekotitaiteilijoiden taidokkaita t\u00f6it\u00e4. En erittele niit\u00e4 erikseen. Jos ja kun l\u00f6yd\u00e4t oman teoksesi kuvista, niin j\u00e4t\u00e4 siit\u00e4 viesti yhteiseksi iloksi.<\/p>\n","protected":false},"excerpt":{"rendered":"<p>Aamukahvia juodessaan Eevertille tulee kummallinen olo. Ihan kuin jotakin pit\u00e4isi muistaa, mutta ei mill\u00e4\u00e4n muista. Asia j\u00e4\u00e4 py\u00f6rim\u00e4\u00e4n mieleen eik\u00e4 j\u00e4t\u00e4 miest\u00e4 rauhaan. Eevert kaataa itselleen viel\u00e4 yhden personkupin, ihan vain siksi, ett\u00e4 jos kahvi kirvoittaisi muistin niin, ett\u00e4 vaivaava asia selkiintyisi. Pikkukoira Tenho huomaa, ett\u00e4 is\u00e4nt\u00e4 miettii kovasti jotakin ja on selv\u00e4sti unohtanut\u00a0aamiaisen antamisen. [&hellip;]<\/p>\n","protected":false},"author":1,"featured_media":0,"comment_status":"open","ping_status":"open","sticky":false,"template":"","format":"standard","meta":{"footnotes":""},"categories":[],"tags":[],"class_list":["post-9614","post","type-post","status-publish","format-standard","hentry"],"_links":{"self":[{"href":"https:\/\/www.kinanen.fi\/nukkekoti\/wp-json\/wp\/v2\/posts\/9614","targetHints":{"allow":["GET"]}}],"collection":[{"href":"https:\/\/www.kinanen.fi\/nukkekoti\/wp-json\/wp\/v2\/posts"}],"about":[{"href":"https:\/\/www.kinanen.fi\/nukkekoti\/wp-json\/wp\/v2\/types\/post"}],"author":[{"embeddable":true,"href":"https:\/\/www.kinanen.fi\/nukkekoti\/wp-json\/wp\/v2\/users\/1"}],"replies":[{"embeddable":true,"href":"https:\/\/www.kinanen.fi\/nukkekoti\/wp-json\/wp\/v2\/comments?post=9614"}],"version-history":[{"count":10,"href":"https:\/\/www.kinanen.fi\/nukkekoti\/wp-json\/wp\/v2\/posts\/9614\/revisions"}],"predecessor-version":[{"id":9663,"href":"https:\/\/www.kinanen.fi\/nukkekoti\/wp-json\/wp\/v2\/posts\/9614\/revisions\/9663"}],"wp:attachment":[{"href":"https:\/\/www.kinanen.fi\/nukkekoti\/wp-json\/wp\/v2\/media?parent=9614"}],"wp:term":[{"taxonomy":"category","embeddable":true,"href":"https:\/\/www.kinanen.fi\/nukkekoti\/wp-json\/wp\/v2\/categories?post=9614"},{"taxonomy":"post_tag","embeddable":true,"href":"https:\/\/www.kinanen.fi\/nukkekoti\/wp-json\/wp\/v2\/tags?post=9614"}],"curies":[{"name":"wp","href":"https:\/\/api.w.org\/{rel}","templated":true}]}}