{"id":9698,"date":"2015-12-31T09:38:32","date_gmt":"2015-12-31T07:38:32","guid":{"rendered":"http:\/\/kinanen.fi\/wordpress\/?p=9698"},"modified":"2015-12-31T09:38:32","modified_gmt":"2015-12-31T07:38:32","slug":"hyvaa-vuotta-2016","status":"publish","type":"post","link":"https:\/\/www.kinanen.fi\/nukkekoti\/hyvaa-vuotta-2016\/","title":{"rendered":"Hyv\u00e4\u00e4 vuotta 2016!"},"content":{"rendered":"<p>Eevert on l\u00e4htenyt aamusta jo kaupoille. Joulun herkut on sy\u00f6ty ja nyt on aika valmistaa jotakin muuta itselle ja satunnaisille vieraille tarjottavaksi. Kauppakassiin on ilmaantunut tuoretta kalaa, juustoja ja hedelmi\u00e4.<\/p>\n<p>Matkaan on tarttunut my\u00f6s iso paketillinen raketteja ja muita ilotulitteita.<\/p>\n<figure id=\"attachment_7240\" aria-describedby=\"caption-attachment-7240\" style=\"width: 480px\" class=\"wp-caption aligncenter\"><a href=\"http:\/\/kinanen.fi\/wordpress\/wp-content\/uploads\/2013\/12\/Uusivuosi.jpg\"><img fetchpriority=\"high\" decoding=\"async\" class=\"size-full wp-image-7240\" src=\"http:\/\/kinanen.fi\/wordpress\/wp-content\/uploads\/2013\/12\/Uusivuosi.jpg\" alt=\"Rakettipaketti\" width=\"480\" height=\"640\" \/><\/a><figcaption id=\"caption-attachment-7240\" class=\"wp-caption-text\">Rakettipaketti<\/figcaption><\/figure>\n<p>Eevertin pihalla on hyv\u00e4 ampua illalla raketit. Pimeytt\u00e4 ja tyhj\u00e4\u00e4 tilaa on riitt\u00e4v\u00e4sti. N\u00e4ist\u00e4 saa sitten nauttia koko joukko kyl\u00e4l\u00e4isi\u00e4 samalla. Pian mies onkin jo j\u00e4rjestelem\u00e4ss\u00e4 ammuntapaikkoja valmiiksi iltaa varten. Ne on huolella laitettava, ettei tule vahinkoja kenellekk\u00e4\u00e4n.<\/p>\n<figure id=\"attachment_7241\" aria-describedby=\"caption-attachment-7241\" style=\"width: 480px\" class=\"wp-caption aligncenter\"><img decoding=\"async\" class=\"size-full wp-image-7241\" src=\"http:\/\/kinanen.fi\/wordpress\/wp-content\/uploads\/2013\/12\/P1130346.jpg\" alt=\"Pari pataa\" width=\"480\" height=\"640\" \/><figcaption id=\"caption-attachment-7241\" class=\"wp-caption-text\">Pari pataa<\/figcaption><\/figure>\n<p>Pari isoa pataakin on l\u00f6ytynyt\u00a0rakettiostosten mukaan. Melkoiset tulitukset n\u00e4ist\u00e4 sitten tuleekin, naureskelee mies tyytyv\u00e4isen\u00e4. Samalla h\u00e4n muistelee kuinka hyv\u00e4n kaverin kanssa nuorukaisvuosina saatettiin valmistaa ilotulituksiin musiikit ja kaikki. Koko p\u00e4iv\u00e4 meni rakennellessa ja puuhatessa. Varsinainen komeus olikin sitten vartissa ohi kun alkuun p\u00e4\u00e4stiin. Mukavaa touhua se oli ja tuo edelleen hymyn huulille ja l\u00e4mpim\u00e4t muistot miehen mieleen.<\/p>\n<figure id=\"attachment_7243\" aria-describedby=\"caption-attachment-7243\" style=\"width: 500px\" class=\"wp-caption aligncenter\"><a href=\"http:\/\/kinanen.fi\/wordpress\/wp-content\/uploads\/2013\/12\/P1130348.jpg\"><img decoding=\"async\" class=\"size-full wp-image-7243\" src=\"http:\/\/kinanen.fi\/wordpress\/wp-content\/uploads\/2013\/12\/P1130348.jpg\" alt=\"Olkaapa hyv\u00e4\" width=\"500\" height=\"375\" \/><\/a><figcaption id=\"caption-attachment-7243\" class=\"wp-caption-text\">Olkaapa hyv\u00e4<\/figcaption><\/figure>\n<p>Eevert on kaatanut tervetuliaismaljan valmiiksi vieraille. Olkaapa hyv\u00e4t!<\/p>\n<p>Kilistelless\u00e4 Eevert toivottaa parasta mahdollista vuotta 2016!<\/p>\n<figure id=\"attachment_7244\" aria-describedby=\"caption-attachment-7244\" style=\"width: 500px\" class=\"wp-caption aligncenter\"><a href=\"http:\/\/kinanen.fi\/wordpress\/wp-content\/uploads\/2013\/12\/P1130351.jpg\"><img loading=\"lazy\" decoding=\"async\" class=\"size-full wp-image-7244\" src=\"http:\/\/kinanen.fi\/wordpress\/wp-content\/uploads\/2013\/12\/P1130351.jpg\" alt=\"Juustoja\" width=\"500\" height=\"375\" \/><\/a><figcaption id=\"caption-attachment-7244\" class=\"wp-caption-text\">Juustoja<\/figcaption><\/figure>\n<p>Juoman\u00a0kanssa maistuvat juustot. Mainioita juustoja onkin ja niit\u00e4kin on niin paljon, ett\u00e4 valinta on v\u00e4lill\u00e4 vaikeaa. Salaattia on Eevert valmistanut koko kulhollisen.<\/p>\n<figure id=\"attachment_7245\" aria-describedby=\"caption-attachment-7245\" style=\"width: 500px\" class=\"wp-caption aligncenter\"><a href=\"http:\/\/kinanen.fi\/wordpress\/wp-content\/uploads\/2013\/12\/P1130355.jpg\"><img loading=\"lazy\" decoding=\"async\" class=\"size-full wp-image-7245\" src=\"http:\/\/kinanen.fi\/wordpress\/wp-content\/uploads\/2013\/12\/P1130355.jpg\" alt=\"Suolakalaa\" width=\"500\" height=\"375\" \/><\/a><figcaption id=\"caption-attachment-7245\" class=\"wp-caption-text\">Suolakalaa<\/figcaption><\/figure>\n<p>Graavia kalaa l\u00f6ytyy my\u00f6s. Suolakalasta Eevert on aina pit\u00e4nyt. Se oli my\u00f6s monet monituiset kerrat merill\u00e4 ollessa melkoista herkkua ja usein taipui moneksi ruuaksi, eik\u00e4 vain herraskaisesti kauniiksi ohuiksi siivuiksi. Hyv\u00e4 keitot sai suolakalasta laivan kokki aikaiseksi. T\u00e4ytyykin t\u00e4ss\u00e4 jokup\u00e4iv\u00e4 tehd\u00e4 kunnon kalakeitto, p\u00e4\u00e4tt\u00e4\u00e4 Eevert maistellessaan kalaa.<\/p>\n<figure id=\"attachment_7246\" aria-describedby=\"caption-attachment-7246\" style=\"width: 480px\" class=\"wp-caption aligncenter\"><a href=\"http:\/\/kinanen.fi\/wordpress\/wp-content\/uploads\/2013\/12\/P1130341.jpg\"><img loading=\"lazy\" decoding=\"async\" class=\"size-full wp-image-7246\" src=\"http:\/\/kinanen.fi\/wordpress\/wp-content\/uploads\/2013\/12\/P1130341.jpg\" alt=\"Ammus valmiina\" width=\"480\" height=\"640\" \/><\/a><figcaption id=\"caption-attachment-7246\" class=\"wp-caption-text\">Ammus valmiina<\/figcaption><\/figure>\n<p>Illan vaihtuessa y\u00f6ksi on Eevert valmiina l\u00e4hett\u00e4m\u00e4\u00e4n raketit taivaalle. Asianmukaiset lasit p\u00e4\u00e4h\u00e4n ja lapset sek\u00e4 muut katsojat\u00a0 riitt\u00e4v\u00e4n et\u00e4\u00e4lle. Tuli lankaan ja itsekin kauemmas. Voi hurja millaisella vauhdilla raketti l\u00e4hti taivaalle. Aina se vain on niin luomoavan kaunista!<\/p>\n<figure id=\"attachment_7252\" aria-describedby=\"caption-attachment-7252\" style=\"width: 487px\" class=\"wp-caption aligncenter\"><a href=\"http:\/\/kinanen.fi\/wordpress\/wp-content\/uploads\/2013\/12\/ilotulitus.jpg\"><img loading=\"lazy\" decoding=\"async\" class=\"size-large wp-image-7252\" src=\"http:\/\/kinanen.fi\/wordpress\/wp-content\/uploads\/2013\/12\/ilotulitus-713x1024.jpg\" alt=\"Ilotulitus\" width=\"487\" height=\"699\" \/><\/a><figcaption id=\"caption-attachment-7252\" class=\"wp-caption-text\">Ilotulitus<\/figcaption><\/figure>\n<p>Huokauksia, naurua ja iloisia Uuden Vuoden toivotuksia kuului jokapuolelta. Ilmassa oli niin juhlan kuin ruudinkin tuoksua.<\/p>\n<figure id=\"attachment_7249\" aria-describedby=\"caption-attachment-7249\" style=\"width: 492px\" class=\"wp-caption aligncenter\"><a href=\"http:\/\/kinanen.fi\/wordpress\/wp-content\/uploads\/2013\/12\/P1130358.jpg\"><img loading=\"lazy\" decoding=\"async\" class=\"size-full wp-image-7249\" src=\"http:\/\/kinanen.fi\/wordpress\/wp-content\/uploads\/2013\/12\/P1130358.jpg\" alt=\"Takan p\u00e4\u00e4llys\" width=\"492\" height=\"369\" \/><\/a><figcaption id=\"caption-attachment-7249\" class=\"wp-caption-text\">Takan p\u00e4\u00e4llys<\/figcaption><\/figure>\n<p>R\u00e4iskeen hiljetess\u00e4 Eevert istuu viel\u00e4 hetken hiipuvan takan \u00e4\u00e4ress\u00e4. Takan p\u00e4\u00e4ll\u00e4 on seimiasetelma ja \u00f6ljylampussa tuli. Niit\u00e4 katsellessa hiipii uni mieheen ja hetken p\u00e4\u00e4st\u00e4 kuuluu tuolista vain tasainen hengitys ja satunnainen korahdus. Hymy huulillaan Eevert n\u00e4kee unta tulevan vuoden seikkailuistaan.<\/p>\n<h2><span style=\"color: #ffcc00;\">Eeverttil\u00e4n v\u00e4ki toivottaa kaikille k\u00e4vij\u00f6ille oikein hyv\u00e4\u00e4 vuotta 2016!<\/span><\/h2>\n<p style=\"text-align: center;\"><span style=\"color: #ffcc00;\">S\u00e4ilytt\u00e4k\u00f6\u00f6n uusi vuosi sen mit\u00e4<\/span><br \/>\n<span style=\"color: #ffcc00;\">rakastat &#8211; tuokoon tullessaan sen<\/span><br \/>\n<span style=\"color: #ffcc00;\">mit\u00e4 kaipaat &#8211; viek\u00f6\u00f6n menness\u00e4\u00e4n<\/span><br \/>\n<span style=\"color: #ffcc00;\">sen mit\u00e4 taakkana kannat.<\/span><\/p>\n<p>____________________________<\/p>\n<p>Herkut p\u00f6yd\u00e4ss\u00e4 ovat Taina Toropaisen k\u00e4sialaa.<\/p>\n","protected":false},"excerpt":{"rendered":"<p>Eevert on l\u00e4htenyt aamusta jo kaupoille. Joulun herkut on sy\u00f6ty ja nyt on aika valmistaa jotakin muuta itselle ja satunnaisille vieraille tarjottavaksi. Kauppakassiin on ilmaantunut tuoretta kalaa, juustoja ja hedelmi\u00e4. Matkaan on tarttunut my\u00f6s iso paketillinen raketteja ja muita ilotulitteita. Eevertin pihalla on hyv\u00e4 ampua illalla raketit. Pimeytt\u00e4 ja tyhj\u00e4\u00e4 tilaa on riitt\u00e4v\u00e4sti. N\u00e4ist\u00e4 saa [&hellip;]<\/p>\n","protected":false},"author":1,"featured_media":0,"comment_status":"open","ping_status":"open","sticky":false,"template":"","format":"standard","meta":{"footnotes":""},"categories":[],"tags":[],"class_list":["post-9698","post","type-post","status-publish","format-standard","hentry"],"_links":{"self":[{"href":"https:\/\/www.kinanen.fi\/nukkekoti\/wp-json\/wp\/v2\/posts\/9698","targetHints":{"allow":["GET"]}}],"collection":[{"href":"https:\/\/www.kinanen.fi\/nukkekoti\/wp-json\/wp\/v2\/posts"}],"about":[{"href":"https:\/\/www.kinanen.fi\/nukkekoti\/wp-json\/wp\/v2\/types\/post"}],"author":[{"embeddable":true,"href":"https:\/\/www.kinanen.fi\/nukkekoti\/wp-json\/wp\/v2\/users\/1"}],"replies":[{"embeddable":true,"href":"https:\/\/www.kinanen.fi\/nukkekoti\/wp-json\/wp\/v2\/comments?post=9698"}],"version-history":[{"count":1,"href":"https:\/\/www.kinanen.fi\/nukkekoti\/wp-json\/wp\/v2\/posts\/9698\/revisions"}],"predecessor-version":[{"id":9699,"href":"https:\/\/www.kinanen.fi\/nukkekoti\/wp-json\/wp\/v2\/posts\/9698\/revisions\/9699"}],"wp:attachment":[{"href":"https:\/\/www.kinanen.fi\/nukkekoti\/wp-json\/wp\/v2\/media?parent=9698"}],"wp:term":[{"taxonomy":"category","embeddable":true,"href":"https:\/\/www.kinanen.fi\/nukkekoti\/wp-json\/wp\/v2\/categories?post=9698"},{"taxonomy":"post_tag","embeddable":true,"href":"https:\/\/www.kinanen.fi\/nukkekoti\/wp-json\/wp\/v2\/tags?post=9698"}],"curies":[{"name":"wp","href":"https:\/\/api.w.org\/{rel}","templated":true}]}}