{"id":9782,"date":"2016-02-26T21:07:43","date_gmt":"2016-02-26T19:07:43","guid":{"rendered":"http:\/\/kinanen.fi\/wordpress\/?p=9782"},"modified":"2016-02-26T21:09:51","modified_gmt":"2016-02-26T19:09:51","slug":"karkauspaivan-koettelemusta","status":"publish","type":"post","link":"https:\/\/www.kinanen.fi\/nukkekoti\/karkauspaivan-koettelemusta\/","title":{"rendered":"Karkausp\u00e4iv\u00e4n koettelemusta"},"content":{"rendered":"<p>Eevert on innokkaasti opetellut tietokoneen k\u00e4ytt\u00f6\u00e4. S\u00e4hk\u00f6postit ja Twitterit ovat jo hallussa. Oikein mukava peli t\u00e4m\u00e4 on tuumaa Eevert vieress\u00e4\u00e4n ihmetteleville kissalle ja koiralle.<\/p>\n<figure id=\"attachment_9727\" aria-describedby=\"caption-attachment-9727\" style=\"width: 640px\" class=\"wp-caption aligncenter\"><img fetchpriority=\"high\" decoding=\"async\" class=\"size-full wp-image-9727\" src=\"http:\/\/kinanen.fi\/wordpress\/wp-content\/uploads\/2016\/01\/Macci-4.jpg\" alt=\"L\u00e4pp\u00e4ri\" width=\"640\" height=\"480\" \/><figcaption id=\"caption-attachment-9727\" class=\"wp-caption-text\">L\u00e4pp\u00e4ri<\/figcaption><\/figure>\n<p>Ja taas kone kilahtaa. S\u00e4hk\u00f6postilaatikkoon on tullut postia. Mit\u00e4h\u00e4n siell\u00e4? kysyy Eevert uteliaana ja l\u00e4htee samoin tein tutkimaan asiaa.<\/p>\n<p>Sielt\u00e4 l\u00f6ytyy viesti. Eevert lukee postin ja hento puna nousee miehen poskille&#8230; ja kaulalle .. ja hikoiluttaakin kummasti. Kissa ja koira vilkaisevat toisiaan kuin ihmetellen mit\u00e4 tapahtuu.<\/p>\n<p>Eevert sulkee koneen ja hakee keitti\u00f6st\u00e4 lasillisen vett\u00e4. Pian mies palaa koneen \u00e4\u00e4reen ja avaa se uudelleen. Siell\u00e4 se on edelleen! Kirje ja ihan se on Eevertille osoitettu. Ei kenellek\u00e4\u00e4n muulle.<\/p>\n<p><span style=\"color: #0000ff;\">&#8221;<em>Hyv\u00e4 Eevert! <\/em><\/span><br \/>\n<span style=\"color: #0000ff;\"><em>Min\u00e4 olen Veera Karjalainen. Asun yhden vanhuudenh\u00f6pp\u00e4n\u00e4n vanhanpiian luona h\u00e4nen apulaisenaan. H\u00e4n teki minulle karjalaisen asun oman feresins\u00e4 kankaan tilkuista kun l\u00f6ysi minut kirpputorilta liian v\u00e4hiss\u00e4 vaatteissa. Olen seurannut kun Pirkitta-t\u00e4ti katselee Sinun tarinoitasi netist\u00e4. Erityisen paljon tykk\u00e4sin joulukalenterista. Taidan olla v\u00e4h\u00e4n ihastunut sinuun, vaikka meill\u00e4 onkin aika paljon ik\u00e4eroa. Min\u00e4 olen 28 cm pitk\u00e4 ja painan, <\/em><\/span><br \/>\n<span style=\"color: #0000ff;\"><em>nooh eih\u00e4n naisten painosta puhuta&#8230; <\/em><\/span><br \/>\n<span style=\"color: #0000ff;\"><em>L\u00e4het\u00e4n Sinulle ihailijapostina kuvani! <\/em><\/span><br \/>\n<span style=\"color: #0000ff;\"><em>Rakkain terveisin <\/em><\/span><br \/>\n<span style=\"color: #0000ff;\"><em>Veera<\/em>&#8221;\u00a0<\/span><\/p>\n<p>Ja se kuva. Eevert klikkasi liitteen\u00e4 olevan kuvan auki ja huokaisi syv\u00e4\u00e4n. Kovin on silm\u00e4\u00e4 miellytt\u00e4v\u00e4 ja korea t\u00e4m\u00e4 Veera!<\/p>\n<figure id=\"attachment_9783\" aria-describedby=\"caption-attachment-9783\" style=\"width: 427px\" class=\"wp-caption aligncenter\"><img decoding=\"async\" class=\"size-full wp-image-9783\" src=\"http:\/\/kinanen.fi\/wordpress\/wp-content\/uploads\/2016\/02\/Veera-1.jpg\" alt=\"Veera ja kaunis feresi\" width=\"427\" height=\"640\" \/><figcaption id=\"caption-attachment-9783\" class=\"wp-caption-text\">Veera ja kaunis feresi<\/figcaption><\/figure>\n<p>Eevert uppoutui noihin sinisiin silmiin hyv\u00e4ksi toviksi. Her\u00e4si t\u00e4h\u00e4n p\u00e4iv\u00e4\u00e4n vasta kun Tenho-koira tuuppasi kuonollaan miehen jalkaan.<\/p>\n<p>Ja sitten Eevert muisti! Nyth\u00e4n on karkausvuosi ja on vaarana, ett\u00e4 naiset kosivat. Mik\u00e4s p\u00e4iv\u00e4 se olikaan? 24.2. ei vaan 29.2. vai miten se meni?<\/p>\n<p>Karkausp\u00e4iv\u00e4n\u00e4 vanhan perim\u00e4tiedon mukaan Euroopassa ovat naiset kosineet jo kauan ennen kuin asia on rantautunut Suomeen. Engelsmannit p\u00e4\u00e4siv\u00e4t kyll\u00e4 v\u00e4hemm\u00e4ll\u00e4 kuin pohjoisemmat kohtalotoverinsa, sill\u00e4 siell\u00e4 kielt\u00e4ytyneet miehet hankkivat kosijalleen k\u00e4sineet. Pohjolassa tarvitaan enemm\u00e4n &#8211; hamekangas se pit\u00e4isi olla.<\/p>\n<figure id=\"attachment_9475\" aria-describedby=\"caption-attachment-9475\" style=\"width: 640px\" class=\"wp-caption aligncenter\"><img decoding=\"async\" class=\"size-full wp-image-9475\" src=\"http:\/\/kinanen.fi\/wordpress\/wp-content\/uploads\/2015\/12\/15.12.-1-2.jpg\" alt=\"Hamekankaita\" width=\"640\" height=\"480\" \/><figcaption id=\"caption-attachment-9475\" class=\"wp-caption-text\">Hamekankaita<\/figcaption><\/figure>\n<p>Veeralla on kyll\u00e4 jo valmiiksi niin komea asu, ett\u00e4 saisi hakea pitk\u00e4\u00e4n ett\u00e4 l\u00f6ytyisi tarpeeksi laadukasta kangasta noin korealle naiselle. N\u00e4ytt\u00e4\u00e4 olevan oikein\u00a0taidolla tehty, pitsit ja kaikki, huokaa Eevert katsellessaan varmaan kymmenennen kerran Veeran kuvaa.<\/p>\n<p>T\u00e4t\u00e4 t\u00e4ytyy hieman tuumia, toteaa Eevert ja istahtaa takan \u00e4\u00e4reen. Ihastuminen ei taida olla ihan sama kuin kosinta, p\u00e4\u00e4ttelee Eevert ja suunnittelee l\u00e4hett\u00e4v\u00e4ns\u00e4 Veeralle oikein mukavan vastausviestin \u00a0heti huomenna. Ettei vaikuta liian innokkaalta \ud83d\ude42<\/p>\n<figure id=\"attachment_8176\" aria-describedby=\"caption-attachment-8176\" style=\"width: 640px\" class=\"wp-caption aligncenter\"><img loading=\"lazy\" decoding=\"async\" class=\"size-full wp-image-8176\" src=\"http:\/\/kinanen.fi\/wordpress\/wp-content\/uploads\/2014\/12\/P1120343.jpg\" alt=\"Ilta\" width=\"640\" height=\"536\" \/><figcaption id=\"caption-attachment-8176\" class=\"wp-caption-text\">Ilta<\/figcaption><\/figure>\n<p style=\"text-align: center;\">Tuletko kanssani korkealle<br \/>\npieni\u00e4 hevosia katselemaan.<br \/>\nTehd\u00e4\u00e4n tuohesta pienet l\u00e4nget<br \/>\nja tullaan alas ja valjastetaan.<\/p>\n<p style=\"text-align: center;\">Ajetaan kissalla piispan pihaan<br \/>\nsanotaan niin, ett\u00e4 ajateltiin:<br \/>\npit\u00e4isi muutama lehm\u00e4kin olla<br \/>\nja ment\u00e4is samalla naimisiin.<\/p>\n<p style=\"text-align: center;\">Lauri Viita<\/p>\n<p style=\"text-align: left;\">_____________________________________________________<\/p>\n<p style=\"text-align: left;\">Kiitos Pirkitta mukavasta postista ja kauniista Veeran kuvasta.<\/p>\n<p>&nbsp;<\/p>\n<p>&nbsp;<\/p>\n","protected":false},"excerpt":{"rendered":"<p>Eevert on innokkaasti opetellut tietokoneen k\u00e4ytt\u00f6\u00e4. S\u00e4hk\u00f6postit ja Twitterit ovat jo hallussa. Oikein mukava peli t\u00e4m\u00e4 on tuumaa Eevert vieress\u00e4\u00e4n ihmetteleville kissalle ja koiralle. Ja taas kone kilahtaa. S\u00e4hk\u00f6postilaatikkoon on tullut postia. Mit\u00e4h\u00e4n siell\u00e4? kysyy Eevert uteliaana ja l\u00e4htee samoin tein tutkimaan asiaa. Sielt\u00e4 l\u00f6ytyy viesti. Eevert lukee postin ja hento puna nousee miehen poskille&#8230; [&hellip;]<\/p>\n","protected":false},"author":1,"featured_media":0,"comment_status":"open","ping_status":"open","sticky":false,"template":"","format":"standard","meta":{"footnotes":""},"categories":[],"tags":[],"class_list":["post-9782","post","type-post","status-publish","format-standard","hentry"],"_links":{"self":[{"href":"https:\/\/www.kinanen.fi\/nukkekoti\/wp-json\/wp\/v2\/posts\/9782","targetHints":{"allow":["GET"]}}],"collection":[{"href":"https:\/\/www.kinanen.fi\/nukkekoti\/wp-json\/wp\/v2\/posts"}],"about":[{"href":"https:\/\/www.kinanen.fi\/nukkekoti\/wp-json\/wp\/v2\/types\/post"}],"author":[{"embeddable":true,"href":"https:\/\/www.kinanen.fi\/nukkekoti\/wp-json\/wp\/v2\/users\/1"}],"replies":[{"embeddable":true,"href":"https:\/\/www.kinanen.fi\/nukkekoti\/wp-json\/wp\/v2\/comments?post=9782"}],"version-history":[{"count":2,"href":"https:\/\/www.kinanen.fi\/nukkekoti\/wp-json\/wp\/v2\/posts\/9782\/revisions"}],"predecessor-version":[{"id":9785,"href":"https:\/\/www.kinanen.fi\/nukkekoti\/wp-json\/wp\/v2\/posts\/9782\/revisions\/9785"}],"wp:attachment":[{"href":"https:\/\/www.kinanen.fi\/nukkekoti\/wp-json\/wp\/v2\/media?parent=9782"}],"wp:term":[{"taxonomy":"category","embeddable":true,"href":"https:\/\/www.kinanen.fi\/nukkekoti\/wp-json\/wp\/v2\/categories?post=9782"},{"taxonomy":"post_tag","embeddable":true,"href":"https:\/\/www.kinanen.fi\/nukkekoti\/wp-json\/wp\/v2\/tags?post=9782"}],"curies":[{"name":"wp","href":"https:\/\/api.w.org\/{rel}","templated":true}]}}