{"id":9957,"date":"2016-08-06T19:17:56","date_gmt":"2016-08-06T16:17:56","guid":{"rendered":"http:\/\/kinanen.fi\/wordpress\/?p=9957"},"modified":"2016-08-06T19:23:58","modified_gmt":"2016-08-06T16:23:58","slug":"tyohuone","status":"publish","type":"post","link":"https:\/\/www.kinanen.fi\/nukkekoti\/tyohuone\/","title":{"rendered":"TY\u00f6huone"},"content":{"rendered":"<p>Nyt ovat muuttotouhut sen verran valmiina, ett\u00e4 on v\u00e4hitellen p\u00e4\u00e4ssyt takaisin askarrusten maailmaan.<\/p>\n<p>Monesti olen ihastellut harrastajien ty\u00f6tiloja joissa on tilaa ja s\u00e4ilytyspaikkaa vaikka kuinka. Muuton my\u00f6t\u00e4 sain my\u00f6s itselleni hommailutilaa. Tosin kylm\u00e4tila, joka on k\u00e4yt\u00f6ss\u00e4 enempi l\u00e4mpimien kelien aikaan.<\/p>\n<figure id=\"attachment_9966\" aria-describedby=\"caption-attachment-9966\" style=\"width: 640px\" class=\"wp-caption aligncenter\"><img fetchpriority=\"high\" decoding=\"async\" class=\"size-full wp-image-9966\" src=\"http:\/\/kinanen.fi\/wordpress\/wp-content\/uploads\/2016\/08\/ty\u00f6huone-1.jpg\" alt=\"Terassi\" width=\"640\" height=\"480\" \/><figcaption id=\"caption-attachment-9966\" class=\"wp-caption-text\">Terassi<\/figcaption><\/figure>\n<p>Uudessa kodissa on kattoterassi jossa voi viett\u00e4\u00e4 aikaa ja samoin my\u00f6s hommailla terassip\u00f6yd\u00e4ll\u00e4 kaikenlaista.<\/p>\n<p>Terassin takana on ullakkohuone.<\/p>\n<figure id=\"attachment_9961\" aria-describedby=\"caption-attachment-9961\" style=\"width: 640px\" class=\"wp-caption aligncenter\"><img decoding=\"async\" class=\"size-full wp-image-9961\" src=\"http:\/\/kinanen.fi\/wordpress\/wp-content\/uploads\/2016\/08\/ty\u00f6huone-1-4.jpg\" alt=\"Ullakkohuone\" width=\"640\" height=\"480\" \/><figcaption id=\"caption-attachment-9961\" class=\"wp-caption-text\">Ullakkohuone<\/figcaption><\/figure>\n<p>Huone on ikkunallinen, mutta siell\u00e4 ei ole l\u00e4mmityst\u00e4 tai muita\u00a0mukavuuksia.<\/p>\n<figure id=\"attachment_9962\" aria-describedby=\"caption-attachment-9962\" style=\"width: 640px\" class=\"wp-caption aligncenter\"><img decoding=\"async\" class=\"size-full wp-image-9962\" src=\"http:\/\/kinanen.fi\/wordpress\/wp-content\/uploads\/2016\/08\/ty\u00f6huone-1-5.jpg\" alt=\"Ullakkohuone\" width=\"640\" height=\"480\" \/><figcaption id=\"caption-attachment-9962\" class=\"wp-caption-text\">Ullakkohuone<\/figcaption><\/figure>\n<p>Ullakkohuone on todella tilava. Sijoitin sinne vanhan askartelukaappini ja joitakin hyllyj\u00e4. Otin askarteluk\u00e4ytt\u00f6\u00f6n tilasta noin puolet.<\/p>\n<figure id=\"attachment_9958\" aria-describedby=\"caption-attachment-9958\" style=\"width: 640px\" class=\"wp-caption aligncenter\"><img loading=\"lazy\" decoding=\"async\" class=\"size-full wp-image-9958\" src=\"http:\/\/kinanen.fi\/wordpress\/wp-content\/uploads\/2016\/08\/ty\u00f6huone-1-1.jpg\" alt=\"Kaapin takaa\" width=\"640\" height=\"480\" \/><figcaption id=\"caption-attachment-9958\" class=\"wp-caption-text\">Kaapin takaa<\/figcaption><\/figure>\n<p><a href=\"http:\/\/kinanen.fi\/wordpress\/?p=3503\" target=\"_blank\">Kovia kokenut keitti\u00f6n p\u00f6yt\u00e4ni<\/a> p\u00e4\u00e4si jatkamaan teht\u00e4v\u00e4ss\u00e4\u00e4n. Sain my\u00f6s <a href=\"http:\/\/kinanen.fi\/wordpress\/?p=2398\" target=\"_blank\">rakkaan sahani <\/a>esille ja sujuvasti k\u00e4ytt\u00f6\u00f6n aina kun tarve tulee.<\/p>\n<figure id=\"attachment_9959\" aria-describedby=\"caption-attachment-9959\" style=\"width: 640px\" class=\"wp-caption aligncenter\"><img loading=\"lazy\" decoding=\"async\" class=\"size-full wp-image-9959\" src=\"http:\/\/kinanen.fi\/wordpress\/wp-content\/uploads\/2016\/08\/ty\u00f6huone-1-2.jpg\" alt=\"Ensikokeiluja\" width=\"640\" height=\"480\" \/><figcaption id=\"caption-attachment-9959\" class=\"wp-caption-text\">Ensikokeiluja<\/figcaption><\/figure>\n<p>Heti kun ihmiskoti oli v\u00e4h\u00e4n kohdillaan piti v\u00e4h\u00e4n ryhty\u00e4 kokeilemaan askartelutilan soveltuvuutta.<\/p>\n<figure id=\"attachment_9960\" aria-describedby=\"caption-attachment-9960\" style=\"width: 640px\" class=\"wp-caption aligncenter\"><img loading=\"lazy\" decoding=\"async\" class=\"size-full wp-image-9960\" src=\"http:\/\/kinanen.fi\/wordpress\/wp-content\/uploads\/2016\/08\/ty\u00f6huone-1-3.jpg\" alt=\"Ensimm\u00e4inen ty\u00f6\" width=\"640\" height=\"531\" \/><figcaption id=\"caption-attachment-9960\" class=\"wp-caption-text\">Ensimm\u00e4inen ty\u00f6<\/figcaption><\/figure>\n<p>Pitk\u00e4\u00e4n on Eevert toivonut my\u00f6s askartelu- ja puuhatilaa. Siit\u00e4h\u00e4n se pit\u00e4\u00e4 aloittaa. Hienon ohjeen l\u00f6ysin<a href=\"http:\/\/maria-malmstrom.blogspot.fi\/p\/kirja-nukkekoti-vainolan-tapaan.html\" target=\"_blank\"> Marian kirjasta<\/a>. Materiaaliksi valitsin balsan, koska vanhassa kodissa sen ty\u00f6st\u00e4minen pieniss\u00e4 tiloissa oli helppoa. Ohje oli loistava, materiaali liian pehme\u00e4. Voi olla, ett\u00e4 Eevert ei valita, mutta katsoo nyt \ud83d\ude42<\/p>\n<figure id=\"attachment_9964\" aria-describedby=\"caption-attachment-9964\" style=\"width: 575px\" class=\"wp-caption aligncenter\"><img loading=\"lazy\" decoding=\"async\" class=\"size-full wp-image-9964\" src=\"http:\/\/kinanen.fi\/wordpress\/wp-content\/uploads\/2016\/08\/ty\u00f6huone-1-7.jpg\" alt=\"Eevert\" width=\"575\" height=\"640\" \/><figcaption id=\"caption-attachment-9964\" class=\"wp-caption-text\">Eevert<\/figcaption><\/figure>\n<p>Eevert oli heti valmis kokeilemaan h\u00f6yl\u00e4penkki\u00e4.<\/p>\n<figure id=\"attachment_9965\" aria-describedby=\"caption-attachment-9965\" style=\"width: 632px\" class=\"wp-caption aligncenter\"><img loading=\"lazy\" decoding=\"async\" class=\"size-full wp-image-9965\" src=\"http:\/\/kinanen.fi\/wordpress\/wp-content\/uploads\/2016\/08\/ty\u00f6huone-1-8.jpg\" alt=\"Eevertin ty\u00f6huone\" width=\"632\" height=\"640\" \/><figcaption id=\"caption-attachment-9965\" class=\"wp-caption-text\">Eevertin ty\u00f6huone<\/figcaption><\/figure>\n<p>Ihan tyytyv\u00e4iselt\u00e4 tuo n\u00e4ytt\u00e4\u00e4 \ud83d\ude42<\/p>\n<p>&nbsp;<\/p>\n","protected":false},"excerpt":{"rendered":"<p>Nyt ovat muuttotouhut sen verran valmiina, ett\u00e4 on v\u00e4hitellen p\u00e4\u00e4ssyt takaisin askarrusten maailmaan. Monesti olen ihastellut harrastajien ty\u00f6tiloja joissa on tilaa ja s\u00e4ilytyspaikkaa vaikka kuinka. Muuton my\u00f6t\u00e4 sain my\u00f6s itselleni hommailutilaa. Tosin kylm\u00e4tila, joka on k\u00e4yt\u00f6ss\u00e4 enempi l\u00e4mpimien kelien aikaan. Uudessa kodissa on kattoterassi jossa voi viett\u00e4\u00e4 aikaa ja samoin my\u00f6s hommailla terassip\u00f6yd\u00e4ll\u00e4 kaikenlaista. Terassin [&hellip;]<\/p>\n","protected":false},"author":1,"featured_media":0,"comment_status":"open","ping_status":"open","sticky":false,"template":"","format":"standard","meta":{"footnotes":""},"categories":[],"tags":[],"class_list":["post-9957","post","type-post","status-publish","format-standard","hentry"],"_links":{"self":[{"href":"https:\/\/www.kinanen.fi\/nukkekoti\/wp-json\/wp\/v2\/posts\/9957","targetHints":{"allow":["GET"]}}],"collection":[{"href":"https:\/\/www.kinanen.fi\/nukkekoti\/wp-json\/wp\/v2\/posts"}],"about":[{"href":"https:\/\/www.kinanen.fi\/nukkekoti\/wp-json\/wp\/v2\/types\/post"}],"author":[{"embeddable":true,"href":"https:\/\/www.kinanen.fi\/nukkekoti\/wp-json\/wp\/v2\/users\/1"}],"replies":[{"embeddable":true,"href":"https:\/\/www.kinanen.fi\/nukkekoti\/wp-json\/wp\/v2\/comments?post=9957"}],"version-history":[{"count":5,"href":"https:\/\/www.kinanen.fi\/nukkekoti\/wp-json\/wp\/v2\/posts\/9957\/revisions"}],"predecessor-version":[{"id":9971,"href":"https:\/\/www.kinanen.fi\/nukkekoti\/wp-json\/wp\/v2\/posts\/9957\/revisions\/9971"}],"wp:attachment":[{"href":"https:\/\/www.kinanen.fi\/nukkekoti\/wp-json\/wp\/v2\/media?parent=9957"}],"wp:term":[{"taxonomy":"category","embeddable":true,"href":"https:\/\/www.kinanen.fi\/nukkekoti\/wp-json\/wp\/v2\/categories?post=9957"},{"taxonomy":"post_tag","embeddable":true,"href":"https:\/\/www.kinanen.fi\/nukkekoti\/wp-json\/wp\/v2\/tags?post=9957"}],"curies":[{"name":"wp","href":"https:\/\/api.w.org\/{rel}","templated":true}]}}