{"id":9973,"date":"2016-08-14T14:06:28","date_gmt":"2016-08-14T11:06:28","guid":{"rendered":"http:\/\/kinanen.fi\/wordpress\/?p=9973"},"modified":"2016-08-14T14:06:28","modified_gmt":"2016-08-14T11:06:28","slug":"eevertin-joulu-2016","status":"publish","type":"post","link":"https:\/\/www.kinanen.fi\/nukkekoti\/eevertin-joulu-2016\/","title":{"rendered":"Eevertin joulu 2016"},"content":{"rendered":"<p>Aurinko paistaa ja elokuu l\u00e4mmitt\u00e4\u00e4 viel\u00e4. Sateiden v\u00e4liss\u00e4. Elokuun j\u00e4lkeen tulee syyskuu ja vuosi etenee totuttuun tapaansa kohti joulua.<\/p>\n<p>Eevertin adventtikalenterin k\u00e4sikirjoitus ja kuvaukset ovat t\u00e4n\u00e4 vuonna aikaisemmin kuin ennen. Siksip\u00e4 joitakin ajatuksia sinne suuntaan on jo muhimassa mieless\u00e4.<\/p>\n<p>Eevertin kalenteri alkaa ensimm\u00e4isest\u00e4 adventista ja jatkuu aina joulup\u00e4iv\u00e4\u00e4n saakka. T\u00e4n\u00e4 vuonna luukkuja on muuten runsaasti \ud83d\ude42<\/p>\n<p>Perinteiseen tapaan kaikilla on mahdollisuus osallistua kalenterin tarinaan. <strong>T\u00e4n\u00e4 vuonna voit ehdottaa lausetta, jonka Eevert sanoo jossakin kohden tarinaa.\u00a0<\/strong><\/p>\n<p>J\u00e4t\u00e4 ehdotuksesi t\u00e4h\u00e4n artikkeliin tai ehdota Twitterin ja Instagramin kautta tai jotenkin muuten viestitt\u00e4m\u00e4ll\u00e4 ehdotuksesi minulle. Kokoan t\u00e4nne alle kaikki tulleet ehdotukset.<\/p>\n<p>Yleens\u00e4 kaikki ehdotettu on saatu mahtumaan tarinaan.<\/p>\n<figure id=\"attachment_9974\" aria-describedby=\"caption-attachment-9974\" style=\"width: 640px\" class=\"wp-caption aligncenter\"><img fetchpriority=\"high\" decoding=\"async\" class=\"size-full wp-image-9974\" src=\"http:\/\/kinanen.fi\/wordpress\/wp-content\/uploads\/2016\/08\/logo-joulu-1.jpg\" alt=\"Eevertin joulu - logo 2016\" width=\"640\" height=\"452\" \/><figcaption id=\"caption-attachment-9974\" class=\"wp-caption-text\">Eevertin joulu &#8211; logo 2016<\/figcaption><\/figure>\n<p>Logoa ja tietoa jouluisesta tarinasta saa vapaasti jakaa. Kiitos jos muistat kertoa minulle jaosta.<\/p>\n<p>Tarina seuraa pyh\u00e4p\u00e4ivisin kristillist\u00e4 traditiota ja kaikilta muilta osiltaa sopii kaikille joulusta, perim\u00e4tiedosta ja tarinoista pit\u00e4ville uskonto- tai aatesuunnasta riippumatta.<\/p>\n<p>&nbsp;<\/p>\n","protected":false},"excerpt":{"rendered":"<p>Aurinko paistaa ja elokuu l\u00e4mmitt\u00e4\u00e4 viel\u00e4. Sateiden v\u00e4liss\u00e4. Elokuun j\u00e4lkeen tulee syyskuu ja vuosi etenee totuttuun tapaansa kohti joulua. Eevertin adventtikalenterin k\u00e4sikirjoitus ja kuvaukset ovat t\u00e4n\u00e4 vuonna aikaisemmin kuin ennen. Siksip\u00e4 joitakin ajatuksia sinne suuntaan on jo muhimassa mieless\u00e4. Eevertin kalenteri alkaa ensimm\u00e4isest\u00e4 adventista ja jatkuu aina joulup\u00e4iv\u00e4\u00e4n saakka. T\u00e4n\u00e4 vuonna luukkuja on muuten runsaasti [&hellip;]<\/p>\n","protected":false},"author":1,"featured_media":0,"comment_status":"open","ping_status":"open","sticky":false,"template":"","format":"standard","meta":{"footnotes":""},"categories":[],"tags":[],"class_list":["post-9973","post","type-post","status-publish","format-standard","hentry"],"_links":{"self":[{"href":"https:\/\/www.kinanen.fi\/nukkekoti\/wp-json\/wp\/v2\/posts\/9973","targetHints":{"allow":["GET"]}}],"collection":[{"href":"https:\/\/www.kinanen.fi\/nukkekoti\/wp-json\/wp\/v2\/posts"}],"about":[{"href":"https:\/\/www.kinanen.fi\/nukkekoti\/wp-json\/wp\/v2\/types\/post"}],"author":[{"embeddable":true,"href":"https:\/\/www.kinanen.fi\/nukkekoti\/wp-json\/wp\/v2\/users\/1"}],"replies":[{"embeddable":true,"href":"https:\/\/www.kinanen.fi\/nukkekoti\/wp-json\/wp\/v2\/comments?post=9973"}],"version-history":[{"count":1,"href":"https:\/\/www.kinanen.fi\/nukkekoti\/wp-json\/wp\/v2\/posts\/9973\/revisions"}],"predecessor-version":[{"id":9975,"href":"https:\/\/www.kinanen.fi\/nukkekoti\/wp-json\/wp\/v2\/posts\/9973\/revisions\/9975"}],"wp:attachment":[{"href":"https:\/\/www.kinanen.fi\/nukkekoti\/wp-json\/wp\/v2\/media?parent=9973"}],"wp:term":[{"taxonomy":"category","embeddable":true,"href":"https:\/\/www.kinanen.fi\/nukkekoti\/wp-json\/wp\/v2\/categories?post=9973"},{"taxonomy":"post_tag","embeddable":true,"href":"https:\/\/www.kinanen.fi\/nukkekoti\/wp-json\/wp\/v2\/tags?post=9973"}],"curies":[{"name":"wp","href":"https:\/\/api.w.org\/{rel}","templated":true}]}}