{"id":9991,"date":"2016-11-27T00:15:35","date_gmt":"2016-11-26T22:15:35","guid":{"rendered":"http:\/\/kinanen.fi\/wordpress\/?p=9991"},"modified":"2016-11-26T19:14:39","modified_gmt":"2016-11-26T17:14:39","slug":"1-adventti-3","status":"publish","type":"post","link":"https:\/\/www.kinanen.fi\/nukkekoti\/1-adventti-3\/","title":{"rendered":"1. Adventti"},"content":{"rendered":"<p>Eevert on her\u00e4nnyt varhain. Ulkona on viel\u00e4 kovin pime\u00e4\u00e4, kun mies jo valmistaa aamiaistaan yhdess\u00e4 el\u00e4inyst\u00e4viens\u00e4 kanssa. Tenho-koira ja em\u00e4nt\u00e4kissa odottavat annoksiaan Eevertin jaloissa kiehn\u00e4ten.<\/p>\n<figure id=\"attachment_8026\" aria-describedby=\"caption-attachment-8026\" style=\"width: 640px\" class=\"wp-caption aligncenter\"><img fetchpriority=\"high\" decoding=\"async\" class=\"size-full wp-image-8026\" src=\"http:\/\/kinanen.fi\/wordpress\/wp-content\/uploads\/2014\/12\/IMG_2511.jpg\" alt=\"Aamuh\u00e4m\u00e4riss\u00e4 keitti\u00f6ss\u00e4\" width=\"640\" height=\"583\" \/><figcaption id=\"caption-attachment-8026\" class=\"wp-caption-text\">Aamuh\u00e4m\u00e4riss\u00e4 keitti\u00f6ss\u00e4<\/figcaption><\/figure>\n<p>T\u00e4n\u00e4\u00e4n on t\u00e4rke\u00e4 aamu. On ensimm\u00e4inen Adventti ja se on iso juhla t\u00e4h\u00e4n aikaan vuodesta. Eevert on yst\u00e4v\u00e4ns\u00e4 Suntion kanssa valmistellut p\u00e4iv\u00e4n kulkua syksyst\u00e4 saakka.<\/p>\n<p>Suntio on isolla kirkolla k\u00e4ydess\u00e4\u00e4n saanut kuulla, ett\u00e4 t\u00e4n\u00e4\u00e4n lauletaan ensimm\u00e4isen kerran uudesta virsikirjan lis\u00e4vihkosta virsi\u00e4. Suntio on ollut kovin innoissaan asiasta. H\u00e4n oli sopinut vieh\u00e4tt\u00e4v\u00e4n kanttori Sanna-Maaritin kanssa, ett\u00e4 pikkukyl\u00e4ll\u00e4 pidet\u00e4\u00e4n Virsikoulua, jotta opitaan uudet laulut hyvin.<\/p>\n<figure id=\"attachment_10053\" aria-describedby=\"caption-attachment-10053\" style=\"width: 400px\" class=\"wp-caption aligncenter\"><img decoding=\"async\" class=\"size-full wp-image-10053\" src=\"http:\/\/kinanen.fi\/wordpress\/wp-content\/uploads\/2016\/11\/1adventti-1-7.jpg\" alt=\"Virsikirjan lis\u00e4vihko\" width=\"400\" height=\"308\" \/><figcaption id=\"caption-attachment-10053\" class=\"wp-caption-text\">Virsikirjan lis\u00e4vihko<\/figcaption><\/figure>\n<p>T\u00e4n\u00e4\u00e4n ovat ensimm\u00e4iset harjoitukset ennen Adventtikirkkoa. Eevert on lupautunut tuomaan tullessaan kasan kirjoja. \u00a0On hyv\u00e4 l\u00e4hte\u00e4 ajoissa matkaan kohti Kappelia.<\/p>\n<p>Ensimm\u00e4iset laulut kajahtavat nopeasti Virsikoulun \u00a0alettua.\u00a0Suntio nojaa lumoutuneena ovenpieleen ja tuskin huomaa laulaa mukana. Kaunista, niin kaunista, huokaa Suntio.<\/p>\n<p>Ensimm\u00e4iseksi virreksi on valittu 912<\/p>\n<figure id=\"attachment_10316\" aria-describedby=\"caption-attachment-10316\" style=\"width: 480px\" class=\"wp-caption aligncenter\"><img decoding=\"async\" class=\"size-full wp-image-10316\" src=\"http:\/\/kinanen.fi\/wordpress\/wp-content\/uploads\/2016\/11\/912-1.jpg\" alt=\"Virsi 912\" width=\"480\" height=\"640\" \/><figcaption id=\"caption-attachment-10316\" class=\"wp-caption-text\">Virsi 912<\/figcaption><\/figure>\n<p>Ehk\u00e4 mieli ei viel\u00e4 ole niin tyyni, mutta onnellinen kuitenkin ajattelee Suntio virren edetess\u00e4.<\/p>\n<p><iframe title=\"Eevertin adventtikalenterin 2016 virsikoulu osa 1\" width=\"640\" height=\"360\" src=\"https:\/\/www.youtube.com\/embed\/8BV5K3JJIs4?feature=oembed\" frameborder=\"0\" allow=\"accelerometer; autoplay; clipboard-write; encrypted-media; gyroscope; picture-in-picture; web-share\" referrerpolicy=\"strict-origin-when-cross-origin\" allowfullscreen><\/iframe><\/p>\n<p>Virsikoulun j\u00e4lkeen valmistellaan jo kirkkohetke\u00e4. Muutama kyl\u00e4l\u00e4inen on lupautunut avustamaan. Niinp\u00e4 yst\u00e4v\u00e4mme kukkakauppias on tullut komeiden lehvien kanssa Kappelin nurkalle odottamaan juhlallisen kulkueen liikkeelle l\u00e4htemist\u00e4.<\/p>\n<figure id=\"attachment_10054\" aria-describedby=\"caption-attachment-10054\" style=\"width: 353px\" class=\"wp-caption aligncenter\"><img loading=\"lazy\" decoding=\"async\" class=\"size-full wp-image-10054\" src=\"http:\/\/kinanen.fi\/wordpress\/wp-content\/uploads\/2016\/11\/1adventti-1-8.jpg\" alt=\"Lehv\u00e4t\" width=\"353\" height=\"547\" \/><figcaption id=\"caption-attachment-10054\" class=\"wp-caption-text\">Lehv\u00e4t<\/figcaption><\/figure>\n<p>Ovella Suntio jakaa kaikille uudet Virsikirjan lis\u00e4vihkot. Niit\u00e4 tutkiessa kuluu hyvin aika kirkkohetken alkamista odottaessa.<\/p>\n<figure id=\"attachment_10052\" aria-describedby=\"caption-attachment-10052\" style=\"width: 427px\" class=\"wp-caption aligncenter\"><img loading=\"lazy\" decoding=\"async\" class=\"size-full wp-image-10052\" src=\"http:\/\/kinanen.fi\/wordpress\/wp-content\/uploads\/2016\/11\/1adventti-1-6.jpg\" alt=\"Suntio ovella\" width=\"427\" height=\"640\" \/><figcaption id=\"caption-attachment-10052\" class=\"wp-caption-text\">Suntio ovella<\/figcaption><\/figure>\n<p>Pian aloitetaan ja Kappelin adventtikynttelikk\u00f6\u00f6n syttyy ensimm\u00e4inen kynttil\u00e4. Se kuvastaa odotusta ja valmistautumista.<\/p>\n<figure id=\"attachment_10050\" aria-describedby=\"caption-attachment-10050\" style=\"width: 427px\" class=\"wp-caption aligncenter\"><img loading=\"lazy\" decoding=\"async\" class=\"size-full wp-image-10050\" src=\"http:\/\/kinanen.fi\/wordpress\/wp-content\/uploads\/2016\/11\/1adventti-1-4.jpg\" alt=\"Adventtikynttil\u00e4\" width=\"427\" height=\"640\" \/><figcaption id=\"caption-attachment-10050\" class=\"wp-caption-text\">Adventtikynttil\u00e4<\/figcaption><\/figure>\n<p>Suntio lukee p\u00e4iv\u00e4n Raamatun tekstin, jossa kerrotaan kuinka Jeesus ratsasti Jerusalemiin ja ihmiset ker\u00e4\u00e4ntyiv\u00e4t tienvarteen ottamaan h\u00e4net iloiten vastaan. Kukkakauppias oli jakanut kaikille lehvi\u00e4 joita sai heiluttaa tekstin ajan.<\/p>\n<p class=\"tx3_pieni\">Matt. 21: 1-9<\/p>\n<p class=\"tx2\">Kun he l\u00e4hestyiv\u00e4t Jerusalemia ja olivat tulossa Betfageen \u00d6ljym\u00e4elle, Jeesus l\u00e4hetti edelt\u00e4 kaksi opetuslastaan ja sanoi heille: \u201dMenk\u00e4\u00e4 tuolla n\u00e4kyv\u00e4\u00e4n kyl\u00e4\u00e4n. Siell\u00e4 on aasintamma kiinni sidottuna ja varsa sen vierell\u00e4; l\u00f6yd\u00e4tte ne heti. Ottakaa ne siit\u00e4 ja tuokaa minulle. Jos joku sanoo teille jotakin, vastatkaa, ett\u00e4 Herra tarvitsee niit\u00e4 mutta palauttaa ne pian.\u201d<br \/>\nN\u00e4in tapahtui, jotta k\u00e4visi toteen t\u00e4m\u00e4 profeetan sana:<br \/>\n&#8211; Sanokaa tyt\u00e4r Siionille:<br \/>\nKatso, kuninkaasi tulee!<br \/>\nH\u00e4n tulee luoksesi lempe\u00e4n\u00e4,<br \/>\nratsastaen aasilla,<br \/>\nty\u00f6juhdan varsalla.<br \/>\nOpetuslapset l\u00e4htiv\u00e4t ja tekiv\u00e4t niin kuin Jeesus oli k\u00e4skenyt. He toivat aasin ja varsan ja panivat niiden selk\u00e4\u00e4n vaatteitaan, ja Jeesus istuutui aasin selk\u00e4\u00e4n. Ihmisi\u00e4 oli hyvin paljon, ja he levittiv\u00e4t vaatteitaan tielle, toiset katkoivat puista oksia ja levittiv\u00e4t tielle niit\u00e4. Ja ihmisjoukko, joka kulki h\u00e4nen edell\u00e4\u00e4n ja per\u00e4ss\u00e4\u00e4n, huusi:<br \/>\n&#8211; Hoosianna, Daavidin Poika!<br \/>\nSiunattu olkoon h\u00e4n, joka tulee Herran nimess\u00e4!<br \/>\nHoosianna korkeuksissa!<\/p>\n<p class=\"tx2\">Eik\u00f6h\u00e4n lauleta kaikki yhdess\u00e4 Hoosianna ehdottaa Suntio ja pian pieness\u00e4 Kappelissa kajahtaa tuttu hymni.<\/p>\n<p><iframe title=\"Hoosianna, Daavidin poika - (Taivaan Lahja  Virsikaraoke) Maija Hapuoja &amp; Pasi Kaunisto\" width=\"640\" height=\"360\" src=\"https:\/\/www.youtube.com\/embed\/nFWTIV11yt4?feature=oembed\" frameborder=\"0\" allow=\"accelerometer; autoplay; clipboard-write; encrypted-media; gyroscope; picture-in-picture; web-share\" referrerpolicy=\"strict-origin-when-cross-origin\" allowfullscreen><\/iframe><\/p>\n<p>Ensimm\u00e4isest\u00e4 Adventista alkaa jouluun ja Jeesuslapsen syntym\u00e4\u00e4n valmistava aika. Se on monessa perheess\u00e4 j\u00e4nnitt\u00e4v\u00e4\u00e4 aikaa.<\/p>\n<p>Hoosiannan riemun j\u00e4lkeen pienen kappelin v\u00e4ki istuu takaisin paikalleen\u00a0hymy huulillaan. Iloon ja riemuun on aina mukavaa liitty\u00e4 isolla joukolla.<\/p>\n<p>Lehv\u00e4t viel\u00e4 heiluvat penkeiss\u00e4 kun puheenpit\u00e4j\u00e4n paikalle astuu violettiin paitaan pukeutunut henkil\u00f6. H\u00e4n ei ole kyl\u00e4l\u00e4isi\u00e4, vaan on tullut isolta kirkolta saakka juhlaan mukaan.<\/p>\n<p>Pieneen kappeliin laskeutuu hiljaisuus kun vieraaksi saapunut piispa Irja Askola kertoo joulun odotuksestaan kirkkovieraille.<\/p>\n<p>https:\/\/www.youtube.com\/watch?v=6PweW72XBwg&#038;feature=youtu.be<\/p>\n<p>P\u00e4it\u00e4 ny\u00f6kyteltiin siell\u00e4 t\u00e4\u00e4ll\u00e4 Irja-piispan puheen ajan. Taisi useampikin tunnistaa j\u00e4nnityksen jo nyt sisimm\u00e4ss\u00e4\u00e4n.<\/p>\n<p>Kappeliin on varattu\u00a0paikka, minne\u00a0yhdess\u00e4 rakennetaan seimi jouluksi. Suntio tuo juhlallisesti ison tallin paikalle.<\/p>\n<figure id=\"attachment_10055\" aria-describedby=\"caption-attachment-10055\" style=\"width: 412px\" class=\"wp-caption aligncenter\"><img loading=\"lazy\" decoding=\"async\" class=\"size-full wp-image-10055\" src=\"http:\/\/kinanen.fi\/wordpress\/wp-content\/uploads\/2016\/11\/1adventti-1-9.jpg\" alt=\"Talli\" width=\"412\" height=\"272\" \/><figcaption id=\"caption-attachment-10055\" class=\"wp-caption-text\">Talli<\/figcaption><\/figure>\n<p>Aika tyhj\u00e4lt\u00e4 se viel\u00e4 n\u00e4ytt\u00e4\u00e4, tuumii Suntio \u00e4\u00e4neen. Pian penkist\u00e4 tulee ehdotuksia siit\u00e4 mit\u00e4 sinne voisi laittaa.<\/p>\n<p>Aasi ainakin! huudahtaa pieni poika. Aasi on mukana t\u00e4m\u00e4n p\u00e4iv\u00e4n kertomuksessakin,\u00a0niin\u00a0eik\u00f6s se kuulu sinne jouluunkin &#8211; se Marian pieni Aasi? h\u00e4n lis\u00e4\u00e4 hieman ep\u00e4r\u00f6iden.<\/p>\n<p>Niinp\u00e4 tietenkin naurahtaa Suntio ja jostakin pian ilmestyy aasi paikalle. Pieni poika huokaisee onnellisena ja nyk\u00e4isee \u00e4iti\u00e4 hihasta kuin kertoakseen, ett\u00e4 huomasitko \u00e4iti mit\u00e4 tapahtui!<\/p>\n<figure id=\"attachment_6921\" aria-describedby=\"caption-attachment-6921\" style=\"width: 640px\" class=\"wp-caption aligncenter\"><img loading=\"lazy\" decoding=\"async\" class=\"size-full wp-image-6921\" src=\"http:\/\/kinanen.fi\/wordpress\/wp-content\/uploads\/2013\/10\/4.12d.jpg\" alt=\"Aasi\" width=\"640\" height=\"427\" \/><figcaption id=\"caption-attachment-6921\" class=\"wp-caption-text\">Aasi<\/figcaption><\/figure>\n<p>Kirkkohetki etenee eteenp\u00e4in uusien\u00a0virsien siivitt\u00e4m\u00e4n\u00e4.<\/p>\n<p>Suntio on tuonut Kappeliin kuusen. Viel\u00e4 kirkkohetken alussa se oli ihan vain kuusi. Ei edes t\u00e4hte\u00e4 latvassa.<\/p>\n<p>Ihana tuoksu siit\u00e4 levi\u00e4\u00e4 pieneen tilaan. Tuoksu her\u00e4tt\u00e4\u00e4 monia muistoja joulunajasta. Odotuksen tunteet t\u00e4ytt\u00e4v\u00e4t Kappelin\u00a0niin, ett\u00e4 sen voi aistia sekin joka tulisi yll\u00e4tt\u00e4en paikalle.<\/p>\n<p>Suntion jutustellessa\u00a0kuusikin saa t\u00e4hden latvaansa. Se\u00a0aikanaan johdatti tiet\u00e4ji\u00e4 Jeesus-lapsen luo. T\u00e4n\u00e4\u00e4n\u00a0se on johdattamassa meit\u00e4 kaikkia kohti seimen ihmett\u00e4.<\/p>\n<figure id=\"attachment_10051\" aria-describedby=\"caption-attachment-10051\" style=\"width: 427px\" class=\"wp-caption aligncenter\"><img loading=\"lazy\" decoding=\"async\" class=\"size-full wp-image-10051\" src=\"http:\/\/kinanen.fi\/wordpress\/wp-content\/uploads\/2016\/11\/1adventti-1-5.jpg\" alt=\"Kuusi\" width=\"427\" height=\"605\" \/><figcaption id=\"caption-attachment-10051\" class=\"wp-caption-text\">Kuusi ja piispankynttil\u00e4<\/figcaption><\/figure>\n<p>&nbsp;<\/p>\n<p>Kotiin p\u00e4\u00e4sty\u00e4\u00e4n Eevert keitt\u00e4\u00e4 itselleen kirkkokahvit. Oli oikein hyv\u00e4 ja mukava kirkkohetki. Irja-piispa j\u00e4tti paljon mietitt\u00e4v\u00e4\u00e4 Eevertille.\u00a0Joulu on niin monenlainen, jollekin suurta perheyhteytt\u00e4 ja toiselle yksin\u00e4ist\u00e4 rauhaa ja olemista. Millaista joulua sin\u00e4 t\u00e4n\u00e4 vuonna toivoisit itsellesi?<\/p>\n<p>Jaa &#8211; mutta miss\u00e4s se minun adventtikynttelikk\u00f6ni on? havahtuu\u00a0Eevert ajatuksistaan.<\/p>\n<p>Pian se l\u00f6ytyi ja Eevert sytytti oman kynttil\u00e4ns\u00e4 p\u00f6yd\u00e4lle. Kynttil\u00e4n palamista seuraillen meni parikin kuppia kahvia.<\/p>\n<figure id=\"attachment_10049\" aria-describedby=\"caption-attachment-10049\" style=\"width: 525px\" class=\"wp-caption aligncenter\"><img loading=\"lazy\" decoding=\"async\" class=\"size-full wp-image-10049\" src=\"http:\/\/kinanen.fi\/wordpress\/wp-content\/uploads\/2016\/11\/1adventti-1-2.jpg\" alt=\"Adventtikynttelikk\u00f6\" width=\"525\" height=\"375\" \/><figcaption id=\"caption-attachment-10049\" class=\"wp-caption-text\">Adventtikynttelikk\u00f6<\/figcaption><\/figure>\n<p>&nbsp;<\/p>\n<p>Hyv\u00e4\u00e4 adventinaikaa!<\/p>\n<p>__________________________________________________<\/p>\n<p>Kiitos piispa Irja Askolalle tervehdyksest\u00e4 \u00a0ja kanttori Sanna-Maarit Hakkaraiselle sek\u00e4 Hanna Remekselle virsikoulun aloittamisesta yhteiseksi iloksi.<\/p>\n<p>Kalenterissa on omia t\u00f6it\u00e4ni sek\u00e4 lukuisa m\u00e4\u00e4r\u00e4 eri nukkekotitaiteilijoiden t\u00f6it\u00e4. Kaikkea en edes osaa nimet\u00e4 ja luetella. Jos tunnistat oman ty\u00f6si niin j\u00e4t\u00e4 siit\u00e4 viesti \ud83d\ude42<\/p>\n<p>&nbsp;<\/p>\n","protected":false},"excerpt":{"rendered":"<p>Eevert on her\u00e4nnyt varhain. Ulkona on viel\u00e4 kovin pime\u00e4\u00e4, kun mies jo valmistaa aamiaistaan yhdess\u00e4 el\u00e4inyst\u00e4viens\u00e4 kanssa. Tenho-koira ja em\u00e4nt\u00e4kissa odottavat annoksiaan Eevertin jaloissa kiehn\u00e4ten. T\u00e4n\u00e4\u00e4n on t\u00e4rke\u00e4 aamu. On ensimm\u00e4inen Adventti ja se on iso juhla t\u00e4h\u00e4n aikaan vuodesta. Eevert on yst\u00e4v\u00e4ns\u00e4 Suntion kanssa valmistellut p\u00e4iv\u00e4n kulkua syksyst\u00e4 saakka. Suntio on isolla kirkolla k\u00e4ydess\u00e4\u00e4n [&hellip;]<\/p>\n","protected":false},"author":1,"featured_media":0,"comment_status":"open","ping_status":"open","sticky":false,"template":"","format":"standard","meta":{"footnotes":""},"categories":[],"tags":[],"class_list":["post-9991","post","type-post","status-publish","format-standard","hentry"],"_links":{"self":[{"href":"https:\/\/www.kinanen.fi\/nukkekoti\/wp-json\/wp\/v2\/posts\/9991","targetHints":{"allow":["GET"]}}],"collection":[{"href":"https:\/\/www.kinanen.fi\/nukkekoti\/wp-json\/wp\/v2\/posts"}],"about":[{"href":"https:\/\/www.kinanen.fi\/nukkekoti\/wp-json\/wp\/v2\/types\/post"}],"author":[{"embeddable":true,"href":"https:\/\/www.kinanen.fi\/nukkekoti\/wp-json\/wp\/v2\/users\/1"}],"replies":[{"embeddable":true,"href":"https:\/\/www.kinanen.fi\/nukkekoti\/wp-json\/wp\/v2\/comments?post=9991"}],"version-history":[{"count":15,"href":"https:\/\/www.kinanen.fi\/nukkekoti\/wp-json\/wp\/v2\/posts\/9991\/revisions"}],"predecessor-version":[{"id":10371,"href":"https:\/\/www.kinanen.fi\/nukkekoti\/wp-json\/wp\/v2\/posts\/9991\/revisions\/10371"}],"wp:attachment":[{"href":"https:\/\/www.kinanen.fi\/nukkekoti\/wp-json\/wp\/v2\/media?parent=9991"}],"wp:term":[{"taxonomy":"category","embeddable":true,"href":"https:\/\/www.kinanen.fi\/nukkekoti\/wp-json\/wp\/v2\/categories?post=9991"},{"taxonomy":"post_tag","embeddable":true,"href":"https:\/\/www.kinanen.fi\/nukkekoti\/wp-json\/wp\/v2\/tags?post=9991"}],"curies":[{"name":"wp","href":"https:\/\/api.w.org\/{rel}","templated":true}]}}