{"id":9993,"date":"2016-11-28T00:15:19","date_gmt":"2016-11-27T22:15:19","guid":{"rendered":"http:\/\/kinanen.fi\/wordpress\/?p=9993"},"modified":"2016-11-27T19:17:55","modified_gmt":"2016-11-27T17:17:55","slug":"28-11","status":"publish","type":"post","link":"https:\/\/www.kinanen.fi\/nukkekoti\/28-11\/","title":{"rendered":"28.11."},"content":{"rendered":"<p>Niin se vain py\u00f6r\u00e4hti adventinaika k\u00e4yntiin. Tuntuu silt\u00e4 kuin vuosi olisi oikeastaan mennyt aika nopeasti.<\/p>\n<p>Eevert tutki kalenterimerkint\u00f6j\u00e4\u00e4n. T\u00e4lle p\u00e4iv\u00e4lle oli Suntion kanssa suunniteltu kyl\u00e4n lasten\u00a0kanssa puuhastelua. Suntio oli houkutellut Eevertin pit\u00e4m\u00e4\u00e4n nikkarointikerhoa.<\/p>\n<p>Eevert oli kovin kuulu tekemisist\u00e4\u00e4n. Taitoa niiss\u00e4 ei aina ollut, mutta intoa sit\u00e4kin enemm\u00e4n.<\/p>\n<figure id=\"attachment_10099\" aria-describedby=\"caption-attachment-10099\" style=\"width: 562px\" class=\"wp-caption aligncenter\"><img fetchpriority=\"high\" decoding=\"async\" class=\"size-full wp-image-10099\" src=\"http:\/\/kinanen.fi\/wordpress\/wp-content\/uploads\/2016\/11\/28.9.-1.jpg\" alt=\"Verstaalla\" width=\"562\" height=\"640\" \/><figcaption id=\"caption-attachment-10099\" class=\"wp-caption-text\">Verstaalla<\/figcaption><\/figure>\n<p>Eevert oli jo aikaisemmin hieman siistinyt verstastaan. Monet maalipurkit olivat j\u00e4\u00e4neet auki ja maalit kuivuneet. Samoin v\u00e4hint\u00e4\u00e4n yht\u00e4 monta pensseli\u00e4 oli tehnyt jo viimeisen palveluksensa. Sellaista oppia ei voinut pojille n\u00e4ytt\u00e4\u00e4. Siisp\u00e4 siivottava oli ennekuin p\u00e4\u00e4see mit\u00e4\u00e4n tekem\u00e4\u00e4n.<\/p>\n<figure id=\"attachment_10100\" aria-describedby=\"caption-attachment-10100\" style=\"width: 630px\" class=\"wp-caption aligncenter\"><img decoding=\"async\" class=\"size-full wp-image-10100\" src=\"http:\/\/kinanen.fi\/wordpress\/wp-content\/uploads\/2016\/11\/28.9.-2.jpg\" alt=\"Paikka on siisti\" width=\"630\" height=\"640\" \/><figcaption id=\"caption-attachment-10100\" class=\"wp-caption-text\">Paikka on siisti<\/figcaption><\/figure>\n<p>Verstaalla olemisesta Eevert nautti. Oli niin mukava v\u00e4h\u00e4n sahailla ja puuhastella ihan omiaan. Samallahan sit\u00e4 voisi lasten kanssa yhdess\u00e4 tehd\u00e4.<\/p>\n<p>M\u00e4\u00e4r\u00e4ajan koittaessa oli v\u00e4ke\u00e4 koolla oikein mukavasti. Eevert kertoi miksi ollaan koolla ja koitti v\u00e4h\u00e4n haastatella lapsia siit\u00e4 mit\u00e4 haluttaisiin tehd\u00e4.<\/p>\n<p>Kesken kaiken er\u00e4s nuorukainen silm\u00e4t kiiluen kysyi: Onko ihan tosissaan meid\u00e4nkin kyl\u00e4ll\u00e4 \u00a0<a href=\"http:\/\/www.slideshare.net\/1530research\/sami-oinonen-makerkulttuuri\" target=\"_blank\">Maker-kulttuuria!<\/a><\/p>\n<p>Sellaisesta ei Eevert ollut kuullutkaan, mutta pyysi nuorukaista kertomaan. Aikansa kuunneltuaan Eevert oli sit\u00e4 mielt\u00e4, ett\u00e4 juuri sellaisesta on nyt kysymys. Kas, kun en sit\u00e4 itse tullut noin ilmaisseeksi, totesi Eevert viel\u00e4 v\u00e4h\u00e4n ymm\u00e4rt\u00e4m\u00e4tt\u00e4 koko asiaa.<\/p>\n<figure id=\"attachment_10105\" aria-describedby=\"caption-attachment-10105\" style=\"width: 268px\" class=\"wp-caption aligncenter\"><img decoding=\"async\" class=\" wp-image-10105\" src=\"http:\/\/kinanen.fi\/wordpress\/wp-content\/uploads\/2016\/11\/28.9.-1-1.jpg\" alt=\"Ymm\u00e4rt\u00e4m\u00e4t\u00f6n Eevert\" width=\"268\" height=\"356\" \/><figcaption id=\"caption-attachment-10105\" class=\"wp-caption-text\">Ymm\u00e4rt\u00e4m\u00e4t\u00f6n Eevert<\/figcaption><\/figure>\n<p>Kokoonnumme joka viikko ennen joulua muutamaksi tunniksi t\u00e4nne verstaalle. Mit\u00e4 haluaisitte tehd\u00e4 ensiksi, kysyi Eevert lapsilta.<\/p>\n<p>Jonkun aikaa oli yleist\u00e4 pulinaa, mutta sitten asia kirkastui ja kaikki olivat yht\u00e4 mielt\u00e4 aiheesta. Lapset halusivat tehd\u00e4 kotiin samanlaisen tallin kun oli Kappelissa ollut eilen. Seimiasetelmaa ei ollut monessakaan kodissa, joten nyt se olisi oikein hyv\u00e4\u00a0kohde.<\/p>\n<figure id=\"attachment_10101\" aria-describedby=\"caption-attachment-10101\" style=\"width: 640px\" class=\"wp-caption aligncenter\"><img loading=\"lazy\" decoding=\"async\" class=\"size-full wp-image-10101\" src=\"http:\/\/kinanen.fi\/wordpress\/wp-content\/uploads\/2016\/11\/28.9.-3.jpg\" alt=\"Aineksia on valmiina\" width=\"640\" height=\"427\" \/><figcaption id=\"caption-attachment-10101\" class=\"wp-caption-text\">Aineksia on valmiina<\/figcaption><\/figure>\n<p>Eevert otti esille erilaisia rimoja ja lautoja. Jokainen sai ensiksi tehd\u00e4 suunnitelman siit\u00e4 mink\u00e4 n\u00e4k\u00f6isen tallin halusi rakentaa. Piirrustusten kanssa sitten mietittiin mittoja ja valittiin aineksia.<\/p>\n<p>Kun ty\u00f6 p\u00e4\u00e4si k\u00e4yntiin, niin joka puolella verstasta kuului ty\u00f6n \u00e4\u00e4ni\u00e4. Sahaamista, naulaamista, hiomista ja &#8230; \u00a0no, purkamista.<\/p>\n<figure id=\"attachment_10103\" aria-describedby=\"caption-attachment-10103\" style=\"width: 640px\" class=\"wp-caption aligncenter\"><img loading=\"lazy\" decoding=\"async\" class=\"size-full wp-image-10103\" src=\"http:\/\/kinanen.fi\/wordpress\/wp-content\/uploads\/2016\/11\/28.9.-6.jpg\" alt=\"Rakennelmia syntyy\" width=\"640\" height=\"427\" \/><figcaption id=\"caption-attachment-10103\" class=\"wp-caption-text\">Rakennelmia syntyy<\/figcaption><\/figure>\n<p>Eih\u00e4n sit\u00e4 aina voi olla heti tyytyv\u00e4inen k\u00e4ttens\u00e4 j\u00e4lkeen. Eevert rohkaisi tekem\u00e4\u00e4n uudelleen ja v\u00e4lill\u00e4 auttoi, kun osui oikein hankala kohta eteen.<\/p>\n<p>Illan aikana\u00a0moni talli oli jo niin valmis, ett\u00e4 sen voi vied\u00e4 kotiin ty\u00f6stett\u00e4v\u00e4ksi loppuun.<\/p>\n<figure id=\"attachment_10102\" aria-describedby=\"caption-attachment-10102\" style=\"width: 640px\" class=\"wp-caption aligncenter\"><img loading=\"lazy\" decoding=\"async\" class=\"size-full wp-image-10102\" src=\"http:\/\/kinanen.fi\/wordpress\/wp-content\/uploads\/2016\/11\/28.9.-5.jpg\" alt=\"Talli\" width=\"640\" height=\"427\" \/><figcaption id=\"caption-attachment-10102\" class=\"wp-caption-text\">Talli<\/figcaption><\/figure>\n<p>P\u00e4\u00e4tteeksi kokoonnuttiin sy\u00f6m\u00e4\u00e4n ev\u00e4it\u00e4. Illan lopuksi kuunneltiin <a href=\"http:\/\/www.kiisi.net\" target=\"_blank\">Kiisin<\/a> tarinaa. Tarinat viev\u00e4t pian menness\u00e4\u00e4n ja verstaalla oli hyvin hiljaista tarinan edetess\u00e4.<\/p>\n<p><iframe title=\"1adventti 2015 - Hukassa\" width=\"640\" height=\"360\" src=\"https:\/\/www.youtube.com\/embed\/-MfgHUpu2kI?feature=oembed\" frameborder=\"0\" allow=\"accelerometer; autoplay; clipboard-write; encrypted-media; gyroscope; picture-in-picture; web-share\" referrerpolicy=\"strict-origin-when-cross-origin\" allowfullscreen><\/iframe><\/p>\n<p>Mit\u00e4 sitten tapahtui? kysyiv\u00e4t lapset kuin yhdest\u00e4 suusta.<\/p>\n<p>No katsotaan sit\u00e4 sitten ensi kerralla, sanoi Eevert hieman salaper\u00e4isesti.<\/p>\n<p>Pian oli verstas tyhj\u00e4 ja Eevertinkin oli aika l\u00e4hte\u00e4 kotiin.<\/p>\n<p>Kyll\u00e4 olikin p\u00e4iv\u00e4, huokaisi Eevert lakaistessaan loppuja roskia verstaalta.<\/p>\n<p>Vaan oli t\u00e4m\u00e4 hauska ja mukava p\u00e4iv\u00e4. Lasten kanssa on niin riemullista puuhastella.<\/p>\n<p>___________________________________________<\/p>\n<p>Kiitos Tampereen seurakunnille ja Kiisi\u00a0Isotalolle\u00a0tarinan kerronnasta.<\/p>\n<p>Kalenterissa on omia t\u00f6it\u00e4ni sek\u00e4 lukuisa m\u00e4\u00e4r\u00e4 eri nukkekotitaiteilijoiden t\u00f6it\u00e4. Kaikkea en edes osaa nimet\u00e4 ja luetella. Jos tunnistat oman ty\u00f6si niin j\u00e4t\u00e4 siit\u00e4 viesti \ud83d\ude42<\/p>\n<p>&nbsp;<\/p>\n<p>&nbsp;<\/p>\n","protected":false},"excerpt":{"rendered":"<p>Niin se vain py\u00f6r\u00e4hti adventinaika k\u00e4yntiin. Tuntuu silt\u00e4 kuin vuosi olisi oikeastaan mennyt aika nopeasti. Eevert tutki kalenterimerkint\u00f6j\u00e4\u00e4n. T\u00e4lle p\u00e4iv\u00e4lle oli Suntion kanssa suunniteltu kyl\u00e4n lasten\u00a0kanssa puuhastelua. Suntio oli houkutellut Eevertin pit\u00e4m\u00e4\u00e4n nikkarointikerhoa. Eevert oli kovin kuulu tekemisist\u00e4\u00e4n. Taitoa niiss\u00e4 ei aina ollut, mutta intoa sit\u00e4kin enemm\u00e4n. Eevert oli jo aikaisemmin hieman siistinyt verstastaan. Monet [&hellip;]<\/p>\n","protected":false},"author":1,"featured_media":0,"comment_status":"open","ping_status":"open","sticky":false,"template":"","format":"standard","meta":{"footnotes":""},"categories":[],"tags":[],"class_list":["post-9993","post","type-post","status-publish","format-standard","hentry"],"_links":{"self":[{"href":"https:\/\/www.kinanen.fi\/nukkekoti\/wp-json\/wp\/v2\/posts\/9993","targetHints":{"allow":["GET"]}}],"collection":[{"href":"https:\/\/www.kinanen.fi\/nukkekoti\/wp-json\/wp\/v2\/posts"}],"about":[{"href":"https:\/\/www.kinanen.fi\/nukkekoti\/wp-json\/wp\/v2\/types\/post"}],"author":[{"embeddable":true,"href":"https:\/\/www.kinanen.fi\/nukkekoti\/wp-json\/wp\/v2\/users\/1"}],"replies":[{"embeddable":true,"href":"https:\/\/www.kinanen.fi\/nukkekoti\/wp-json\/wp\/v2\/comments?post=9993"}],"version-history":[{"count":9,"href":"https:\/\/www.kinanen.fi\/nukkekoti\/wp-json\/wp\/v2\/posts\/9993\/revisions"}],"predecessor-version":[{"id":10375,"href":"https:\/\/www.kinanen.fi\/nukkekoti\/wp-json\/wp\/v2\/posts\/9993\/revisions\/10375"}],"wp:attachment":[{"href":"https:\/\/www.kinanen.fi\/nukkekoti\/wp-json\/wp\/v2\/media?parent=9993"}],"wp:term":[{"taxonomy":"category","embeddable":true,"href":"https:\/\/www.kinanen.fi\/nukkekoti\/wp-json\/wp\/v2\/categories?post=9993"},{"taxonomy":"post_tag","embeddable":true,"href":"https:\/\/www.kinanen.fi\/nukkekoti\/wp-json\/wp\/v2\/tags?post=9993"}],"curies":[{"name":"wp","href":"https:\/\/api.w.org\/{rel}","templated":true}]}}