{"id":1622,"date":"2021-01-22T18:30:59","date_gmt":"2021-01-22T16:30:59","guid":{"rendered":"https:\/\/www.kinanen.fi\/unelma\/?p=1622"},"modified":"2021-02-06T19:05:20","modified_gmt":"2021-02-06T17:05:20","slug":"chilikausi-2021","status":"publish","type":"post","link":"https:\/\/www.kinanen.fi\/unelma\/puutarha\/chilikausi-2021\/","title":{"rendered":"Chilikausi 2021"},"content":{"rendered":"\n<p>Chilikausi oli pakko aloittaa vaikka ihan tarkkaan ei tied\u00e4 minne ne p\u00e4\u00e4tyv\u00e4t kasvamaan. Odotettavissa on parvekeremontti kes\u00e4ksi. Talo huppuun ja parvekkeet tyhj\u00e4ksi. <\/p>\n\n\n\n<p>T\u00e4st\u00e4 se alkaa \ud83d\ude42 Onneksi voi aina lahjoittaa taimia eteenp\u00e4in.<\/p>\n\n\n\n<figure class=\"wp-block-image size-large\"><img fetchpriority=\"high\" decoding=\"async\" width=\"600\" height=\"450\" src=\"https:\/\/www.kinanen.fi\/unelma\/wp-content\/uploads\/2021\/01\/Chili2021-1.jpeg\" alt=\"\" class=\"wp-image-1623\" srcset=\"https:\/\/www.kinanen.fi\/unelma\/wp-content\/uploads\/2021\/01\/Chili2021-1.jpeg 600w, https:\/\/www.kinanen.fi\/unelma\/wp-content\/uploads\/2021\/01\/Chili2021-1-300x225.jpeg 300w, https:\/\/www.kinanen.fi\/unelma\/wp-content\/uploads\/2021\/01\/Chili2021-1-320x240.jpeg 320w, https:\/\/www.kinanen.fi\/unelma\/wp-content\/uploads\/2021\/01\/Chili2021-1-450x338.jpeg 450w\" sizes=\"(max-width: 600px) 100vw, 600px\" \/><\/figure>\n\n\n\n<figure class=\"wp-block-image size-large\"><img decoding=\"async\" width=\"600\" height=\"600\" src=\"https:\/\/www.kinanen.fi\/unelma\/wp-content\/uploads\/2021\/01\/Chili2021-2.jpeg\" alt=\"\" class=\"wp-image-1624\" srcset=\"https:\/\/www.kinanen.fi\/unelma\/wp-content\/uploads\/2021\/01\/Chili2021-2.jpeg 600w, https:\/\/www.kinanen.fi\/unelma\/wp-content\/uploads\/2021\/01\/Chili2021-2-300x300.jpeg 300w, https:\/\/www.kinanen.fi\/unelma\/wp-content\/uploads\/2021\/01\/Chili2021-2-150x150.jpeg 150w, https:\/\/www.kinanen.fi\/unelma\/wp-content\/uploads\/2021\/01\/Chili2021-2-320x320.jpeg 320w, https:\/\/www.kinanen.fi\/unelma\/wp-content\/uploads\/2021\/01\/Chili2021-2-450x450.jpeg 450w\" sizes=\"(max-width: 600px) 100vw, 600px\" \/><\/figure>\n\n\n\n<p>Kasvualustakokeiluna savirouhe Seramis. Pit\u00e4isi soveltua ihan sellaisenaan alustaksi. Lannoitusta kyll\u00e4 tarvitsee. Kasteluv\u00e4lit pit\u00e4isi olennaisesti v\u00e4henty\u00e4. Samoin erilaiset \u00f6t\u00f6k\u00e4t. Ja onhan tuo kauniin n\u00e4k\u00f6ist\u00e4.<\/p>\n\n\n\n<figure class=\"wp-block-image size-large\"><img decoding=\"async\" width=\"600\" height=\"450\" src=\"https:\/\/www.kinanen.fi\/unelma\/wp-content\/uploads\/2021\/01\/Chili2021-1-1.jpeg\" alt=\"\" class=\"wp-image-1630\" srcset=\"https:\/\/www.kinanen.fi\/unelma\/wp-content\/uploads\/2021\/01\/Chili2021-1-1.jpeg 600w, https:\/\/www.kinanen.fi\/unelma\/wp-content\/uploads\/2021\/01\/Chili2021-1-1-300x225.jpeg 300w, https:\/\/www.kinanen.fi\/unelma\/wp-content\/uploads\/2021\/01\/Chili2021-1-1-320x240.jpeg 320w, https:\/\/www.kinanen.fi\/unelma\/wp-content\/uploads\/2021\/01\/Chili2021-1-1-450x338.jpeg 450w\" sizes=\"(max-width: 600px) 100vw, 600px\" \/><\/figure>\n\n\n\n<figure class=\"wp-block-image size-large\"><img loading=\"lazy\" decoding=\"async\" width=\"600\" height=\"450\" src=\"https:\/\/www.kinanen.fi\/unelma\/wp-content\/uploads\/2021\/02\/chili-1-3.jpeg\" alt=\"\" class=\"wp-image-1637\" srcset=\"https:\/\/www.kinanen.fi\/unelma\/wp-content\/uploads\/2021\/02\/chili-1-3.jpeg 600w, https:\/\/www.kinanen.fi\/unelma\/wp-content\/uploads\/2021\/02\/chili-1-3-300x225.jpeg 300w, https:\/\/www.kinanen.fi\/unelma\/wp-content\/uploads\/2021\/02\/chili-1-3-320x240.jpeg 320w, https:\/\/www.kinanen.fi\/unelma\/wp-content\/uploads\/2021\/02\/chili-1-3-450x338.jpeg 450w\" sizes=\"(max-width: 600px) 100vw, 600px\" \/><\/figure>\n","protected":false},"excerpt":{"rendered":"<p>Chilikausi oli pakko aloittaa vaikka ihan tarkkaan ei tied\u00e4 minne ne p\u00e4\u00e4tyv\u00e4t kasvamaan. Odotettavissa on parvekeremontti kes\u00e4ksi. Talo huppuun ja parvekkeet tyhj\u00e4ksi. T\u00e4st\u00e4 se alkaa \ud83d\ude42 Onneksi voi aina lahjoittaa taimia eteenp\u00e4in. Kasvualustakokeiluna savirouhe Seramis. Pit\u00e4isi soveltua ihan sellaisenaan alustaksi. Lannoitusta kyll\u00e4 tarvitsee. Kasteluv\u00e4lit pit\u00e4isi olennaisesti v\u00e4henty\u00e4. Samoin erilaiset \u00f6t\u00f6k\u00e4t. Ja onhan tuo kauniin n\u00e4k\u00f6ist\u00e4.<\/p>\n","protected":false},"author":2,"featured_media":1625,"comment_status":"open","ping_status":"open","sticky":false,"template":"","format":"standard","meta":{"footnotes":""},"categories":[3],"tags":[],"class_list":["post-1622","post","type-post","status-publish","format-standard","has-post-thumbnail","hentry","category-puutarha"],"_links":{"self":[{"href":"https:\/\/www.kinanen.fi\/unelma\/wp-json\/wp\/v2\/posts\/1622","targetHints":{"allow":["GET"]}}],"collection":[{"href":"https:\/\/www.kinanen.fi\/unelma\/wp-json\/wp\/v2\/posts"}],"about":[{"href":"https:\/\/www.kinanen.fi\/unelma\/wp-json\/wp\/v2\/types\/post"}],"author":[{"embeddable":true,"href":"https:\/\/www.kinanen.fi\/unelma\/wp-json\/wp\/v2\/users\/2"}],"replies":[{"embeddable":true,"href":"https:\/\/www.kinanen.fi\/unelma\/wp-json\/wp\/v2\/comments?post=1622"}],"version-history":[{"count":3,"href":"https:\/\/www.kinanen.fi\/unelma\/wp-json\/wp\/v2\/posts\/1622\/revisions"}],"predecessor-version":[{"id":1638,"href":"https:\/\/www.kinanen.fi\/unelma\/wp-json\/wp\/v2\/posts\/1622\/revisions\/1638"}],"wp:featuredmedia":[{"embeddable":true,"href":"https:\/\/www.kinanen.fi\/unelma\/wp-json\/wp\/v2\/media\/1625"}],"wp:attachment":[{"href":"https:\/\/www.kinanen.fi\/unelma\/wp-json\/wp\/v2\/media?parent=1622"}],"wp:term":[{"taxonomy":"category","embeddable":true,"href":"https:\/\/www.kinanen.fi\/unelma\/wp-json\/wp\/v2\/categories?post=1622"},{"taxonomy":"post_tag","embeddable":true,"href":"https:\/\/www.kinanen.fi\/unelma\/wp-json\/wp\/v2\/tags?post=1622"}],"curies":[{"name":"wp","href":"https:\/\/api.w.org\/{rel}","templated":true}]}}